{"id":236,"date":"2019-03-25T15:35:17","date_gmt":"2019-03-25T14:35:17","guid":{"rendered":"https:\/\/blogs.larioja.com\/eltragablog\/?p=236"},"modified":"2019-03-25T15:35:17","modified_gmt":"2019-03-25T14:35:17","slug":"el-grito-global","status":"publish","type":"post","link":"https:\/\/blogs.larioja.com\/eltragablog\/2019\/03\/25\/el-grito-global\/","title":{"rendered":"El grito global"},"content":{"rendered":"<p>En la primera quincena de marzo han confluido dos <strong>movilizaciones<\/strong> internacionales que han pretendido dar una sacudida a nuestras acomodaticias conciencias humanas. Las dos se celebraron en viernes. Por un lado, millones de personas reivindicaron la igualdad de mujeres y hombres el pasado d\u00eda 8. Y, una semana despu\u00e9s, les toc\u00f3 el turno a los <strong>estudiantes<\/strong> de todo el mundo que tomaron las calles de sus ciudades para reclamar una verdadera \u00e9tica verde.<\/p>\n<div id=\"attachment_237\" style=\"width: 310px\" class=\"wp-caption aligncenter\"><a href=\"https:\/\/static-blogs.larioja.com\/wp-content\/uploads\/sites\/32\/2019\/03\/Termometro.jpg\"><img aria-describedby=\"caption-attachment-237\" loading=\"lazy\" class=\"size-medium wp-image-237\" src=\"https:\/\/static-blogs.larioja.com\/wp-content\/uploads\/sites\/32\/2019\/03\/Termometro-300x177.jpg\" alt=\"Calor en Logro\u00f1o 05\/09\/2016 JONATHAN HERREROS\" width=\"300\" height=\"177\" srcset=\"https:\/\/static-blogs.larioja.com\/wp-content\/uploads\/sites\/32\/2019\/03\/Termometro-300x177.jpg 300w, https:\/\/static-blogs.larioja.com\/wp-content\/uploads\/sites\/32\/2019\/03\/Termometro.jpg 575w\" sizes=\"(max-width: 300px) 100vw, 300px\" \/><\/a><p id=\"caption-attachment-237\" class=\"wp-caption-text\">JONATHAN HERREROS<\/p><\/div>\n<p>&nbsp;<\/p>\n<p>El movimiento <a href=\"https:\/\/www.larioja.com\/agencias\/la-rioja\/201903\/15\/centenares-jovenes-concentran-logronio-1373009.html\">&#8220;Fridays for future&#8221;<\/a>, inspirado por la activista de 16 a\u00f1os <strong>Greta Thunberg<\/strong>, ha conseguido mutar de una protesta individual \u2013la joven dejaba de ir a clase los viernes para concentrarse frente al Parlamento de su naci\u00f3n\u2013, a un fen\u00f3meno colectivo en la lucha contra el <strong>cambio clim\u00e1tico<\/strong>. Una revoluci\u00f3n medioambiental global que, compar\u00e1ndola con lo ocurrido en otros pa\u00edses la pasada semana, en Espa\u00f1a a\u00fan dista de cuajar. Y eso que somos uno de los territorios m\u00e1s amenazados por nuestra cercan\u00eda con \u00c1frica: padecemos inviernos primaverales, escasez de lluvias, alteraciones dram\u00e1ticas en el ciclo vegetal&#8230;<\/p>\n<p>Es estupendo que nuestros hijos tomen la <strong>iniciativa<\/strong> y nos adelanten en muchos aspectos de la vida; en este asunto todav\u00eda m\u00e1s pues los padres, por inacci\u00f3n, hemos hecho dejaci\u00f3n de nuestras responsabilidades. Somos nosotros los que deber\u00edamos legarles un planeta hermoso y con futuro. Pero giramos la cara para esquivar el desaf\u00edo. Aunque se nos acabe el tiempo y nuestra pasividad acelere esta cuenta atr\u00e1s demente. Los aprendices de adultos han vuelto a dar a los veteranos maestros otra enorme <strong>lecci\u00f3n<\/strong> mediante un grito un\u00e1nime de socorro. \u00bfLes hemos escuchado? M\u00e1s nos vale.<\/p>\n","protected":false},"excerpt":{"rendered":"<p>En la primera quincena de marzo han confluido dos movilizaciones internacionales que han pretendido dar una sacudida a nuestras acomodaticias conciencias humanas. Las dos se celebraron en viernes. Por un lado, millones de personas reivindicaron la igualdad de mujeres y hombres el pasado d\u00eda 8. Y, una semana despu\u00e9s, les toc\u00f3 el turno a los [&hellip;]<\/p>\n","protected":false},"author":35,"featured_media":0,"comment_status":"open","ping_status":"open","sticky":false,"template":"","format":"standard","meta":[],"categories":[11,18],"tags":[270,271,272],"_links":{"self":[{"href":"https:\/\/blogs.larioja.com\/eltragablog\/wp-json\/wp\/v2\/posts\/236"}],"collection":[{"href":"https:\/\/blogs.larioja.com\/eltragablog\/wp-json\/wp\/v2\/posts"}],"about":[{"href":"https:\/\/blogs.larioja.com\/eltragablog\/wp-json\/wp\/v2\/types\/post"}],"author":[{"embeddable":true,"href":"https:\/\/blogs.larioja.com\/eltragablog\/wp-json\/wp\/v2\/users\/35"}],"replies":[{"embeddable":true,"href":"https:\/\/blogs.larioja.com\/eltragablog\/wp-json\/wp\/v2\/comments?post=236"}],"version-history":[{"count":1,"href":"https:\/\/blogs.larioja.com\/eltragablog\/wp-json\/wp\/v2\/posts\/236\/revisions"}],"predecessor-version":[{"id":238,"href":"https:\/\/blogs.larioja.com\/eltragablog\/wp-json\/wp\/v2\/posts\/236\/revisions\/238"}],"wp:attachment":[{"href":"https:\/\/blogs.larioja.com\/eltragablog\/wp-json\/wp\/v2\/media?parent=236"}],"wp:term":[{"taxonomy":"category","embeddable":true,"href":"https:\/\/blogs.larioja.com\/eltragablog\/wp-json\/wp\/v2\/categories?post=236"},{"taxonomy":"post_tag","embeddable":true,"href":"https:\/\/blogs.larioja.com\/eltragablog\/wp-json\/wp\/v2\/tags?post=236"}],"curies":[{"name":"wp","href":"https:\/\/api.w.org\/{rel}","templated":true}]}}