{"id":243,"date":"2019-03-31T13:17:55","date_gmt":"2019-03-31T11:17:55","guid":{"rendered":"https:\/\/blogs.larioja.com\/eltragablog\/?p=243"},"modified":"2019-03-31T13:17:55","modified_gmt":"2019-03-31T11:17:55","slug":"industria","status":"publish","type":"post","link":"https:\/\/blogs.larioja.com\/eltragablog\/2019\/03\/31\/industria\/","title":{"rendered":"Industria"},"content":{"rendered":"<p>No ser\u00e1 por falta de cifras: que el peso del sector en el <strong>PIB<\/strong> se mantenga por encima del 25%; que la productividad por empleado llegue a los 80.000 euros; que el porcentaje de doctores contratados sobre personal en I+D ronde el 6%; que el gasto interno en <strong>I+D<\/strong> se duplique hasta alcanzar los 70,5 millones de euros; que la ratio de empresas con innovaci\u00f3n se situ\u00e9 en el 33%; que el n\u00famero de <strong>empresas exportadoras<\/strong> regulares se aproxime a las 620; que el tama\u00f1o medio de las plantillas manufactureras supere los doce empleados; que La Rioja cuente con 200 empresas de m\u00e1s de 50 trabajadores&#8230; Por haber n\u00fameros los hay hasta en los plazos (2020) y la inversi\u00f3n prevista (140 millones).<\/p>\n<p>As\u00ed se resume el <strong>Plan de Desarrollo Industrial de La Rioj<\/strong>a, un paraguas bajo cuyo amparo se impuls\u00f3\u00a0el pasado d\u00eda 25 la creaci\u00f3n de un <a href=\"https:\/\/www.larioja.com\/la-rioja\/rioja-dotara-organo-20190325142336-nt.html\">observatori<\/a>o que analizar\u00e1 peri\u00f3dicamente el estado de situaci\u00f3n del sector, las actividades realizadas y las que, seg\u00fan las conclusiones de su an\u00e1lisis, se haga aconsejable acometer. Todo con el objetivo de desarrollar una aut\u00e9ntica <strong>pol\u00edtica industrial<\/strong> que potencie el sector para que \u00e9ste, a su vez, favorezca el crecimiento de otras ramas de la actividad econ\u00f3mica.<\/p>\n<p>El prop\u00f3sito no puede ser m\u00e1s ambicioso. Lo que hace falta ahora es que estas medidas desciendan de lo intangible a lo concreto, del compromiso a la pr\u00e1ctica efectiva. Y que las <strong>pymes<\/strong> participen de forma activa en la <strong>transformaci\u00f3n digital<\/strong> del sector. Empezando por autoevaluarse para lo que disponen de una herramienta denominada &#8220;HADA&#8221;.<\/p>\n<p>Sin el concurso de todos dif\u00edcilmente estas cifras se convertir\u00e1n en hechos y no habr\u00e1 hada o mago que concedan tama\u00f1o deseo.<\/p>\n<p>&nbsp;<\/p>\n<div id=\"attachment_244\" style=\"width: 310px\" class=\"wp-caption aligncenter\"><a href=\"https:\/\/static-blogs.larioja.com\/wp-content\/uploads\/sites\/32\/2019\/03\/1414265321.jpg\"><img aria-describedby=\"caption-attachment-244\" loading=\"lazy\" class=\"size-medium wp-image-244\" src=\"https:\/\/static-blogs.larioja.com\/wp-content\/uploads\/sites\/32\/2019\/03\/1414265321-300x194.jpg\" alt=\"consejo del dialogo social 25.03.2019 juan marin\" width=\"300\" height=\"194\" srcset=\"https:\/\/static-blogs.larioja.com\/wp-content\/uploads\/sites\/32\/2019\/03\/1414265321-300x194.jpg 300w, https:\/\/static-blogs.larioja.com\/wp-content\/uploads\/sites\/32\/2019\/03\/1414265321-768x496.jpg 768w, https:\/\/static-blogs.larioja.com\/wp-content\/uploads\/sites\/32\/2019\/03\/1414265321-1024x661.jpg 1024w\" sizes=\"(max-width: 300px) 100vw, 300px\" \/><\/a><p id=\"caption-attachment-244\" class=\"wp-caption-text\">Reuni\u00f3n del Consejo del Dialogo Social, el pasado d\u00eda 25. Autor:\u00a0Juan\u00a0Mar\u00edn<\/p><\/div>\n<p>&nbsp;<\/p>\n<p>&nbsp;<\/p>\n","protected":false},"excerpt":{"rendered":"<p>No ser\u00e1 por falta de cifras: que el peso del sector en el PIB se mantenga por encima del 25%; que la productividad por empleado llegue a los 80.000 euros; que el porcentaje de doctores contratados sobre personal en I+D ronde el 6%; que el gasto interno en I+D se duplique hasta alcanzar los 70,5 [&hellip;]<\/p>\n","protected":false},"author":35,"featured_media":0,"comment_status":"open","ping_status":"open","sticky":false,"template":"","format":"standard","meta":[],"categories":[273,11],"tags":[275,274,169,276],"_links":{"self":[{"href":"https:\/\/blogs.larioja.com\/eltragablog\/wp-json\/wp\/v2\/posts\/243"}],"collection":[{"href":"https:\/\/blogs.larioja.com\/eltragablog\/wp-json\/wp\/v2\/posts"}],"about":[{"href":"https:\/\/blogs.larioja.com\/eltragablog\/wp-json\/wp\/v2\/types\/post"}],"author":[{"embeddable":true,"href":"https:\/\/blogs.larioja.com\/eltragablog\/wp-json\/wp\/v2\/users\/35"}],"replies":[{"embeddable":true,"href":"https:\/\/blogs.larioja.com\/eltragablog\/wp-json\/wp\/v2\/comments?post=243"}],"version-history":[{"count":1,"href":"https:\/\/blogs.larioja.com\/eltragablog\/wp-json\/wp\/v2\/posts\/243\/revisions"}],"predecessor-version":[{"id":245,"href":"https:\/\/blogs.larioja.com\/eltragablog\/wp-json\/wp\/v2\/posts\/243\/revisions\/245"}],"wp:attachment":[{"href":"https:\/\/blogs.larioja.com\/eltragablog\/wp-json\/wp\/v2\/media?parent=243"}],"wp:term":[{"taxonomy":"category","embeddable":true,"href":"https:\/\/blogs.larioja.com\/eltragablog\/wp-json\/wp\/v2\/categories?post=243"},{"taxonomy":"post_tag","embeddable":true,"href":"https:\/\/blogs.larioja.com\/eltragablog\/wp-json\/wp\/v2\/tags?post=243"}],"curies":[{"name":"wp","href":"https:\/\/api.w.org\/{rel}","templated":true}]}}