{"id":34,"date":"2012-06-19T13:44:47","date_gmt":"2012-06-19T11:44:47","guid":{"rendered":"http:\/\/blogs.larioja.com\/eltragablog\/?p=34"},"modified":"2012-06-19T13:44:47","modified_gmt":"2012-06-19T11:44:47","slug":"el-juez-juzgado","status":"publish","type":"post","link":"https:\/\/blogs.larioja.com\/eltragablog\/2012\/06\/19\/el-juez-juzgado\/","title":{"rendered":"El juez juzgado"},"content":{"rendered":"<p><a href=\"\/eltragablog\/wp-content\/uploads\/sites\/32\/2012\/06\/DIVAR21.jpg\"><img loading=\"lazy\" class=\"aligncenter size-full wp-image-38\" title=\"TFGP.\" src=\"\/eltragablog\/wp-content\/uploads\/sites\/32\/2012\/06\/DIVAR21.jpg\" alt=\"\" width=\"600\" height=\"350\" srcset=\"https:\/\/static-blogs.larioja.com\/wp-content\/uploads\/sites\/32\/2012\/06\/DIVAR21.jpg 600w, https:\/\/static-blogs.larioja.com\/wp-content\/uploads\/sites\/32\/2012\/06\/DIVAR21-300x175.jpg 300w\" sizes=\"(max-width: 600px) 100vw, 600px\" \/><\/a><a href=\"\/eltragablog\/wp-content\/uploads\/sites\/32\/2012\/06\/DIVAR2.jpg\"><br \/>\n<\/a><\/p>\n<p>Extremadamente <strong>cort\u00e9s<\/strong> y muy <strong>correcto<\/strong> en el uso de la palabra. As\u00ed es como recuerdo al presidente del Poder Judicial, <strong>Carlos D\u00edvar<\/strong>, en su <a href=\"http:\/\/www.larioja.com\/20090925\/rioja-region\/poder-judicial-mediara-ante-20090925.html\">\u00faltima visita oficial a Logro\u00f1o.<\/a><\/p>\n<p>Se reuni\u00f3 con la Sala de Gobierno del <strong>Tribunal Superior de Justicia de La Rioja<\/strong> y, dolido por las carencias constatadas, adquiri\u00f3 el compromiso -\u00abComo cosa propia\u00bb, dijo- de mediar entre el <strong>Ministerio<\/strong> y la <strong>Comunidad<\/strong> para urgir el traslado de los juzgados a unas instalaciones \u00abdignas\u00bb.<\/p>\n<p>Esquiv\u00f3 <strong>diplom\u00e1tico<\/strong> la bater\u00eda de preguntas sobre los asuntos del momento. Entre otros, la <a href=\"http:\/\/www.larioja.com\/20090925\/espana\/gobierno-estudia-recurrir-autorizacion-20090925.html\">autorizaci\u00f3n de la Justicia vasca a Etxerat para exhibir fotos de etarras en Mondrag\u00f3<\/a>n, la <a href=\"http:\/\/www.larioja.com\/20090930\/espana\/gobierno-consigue-impedir-huelga-20090930.html\">huelga de jueces<\/a> o la punzante pol\u00e9mica generada por la decisi\u00f3n de un juez de la Audiencia Nacional de <a href=\"http:\/\/www.larioja.com\/20090924\/sociedad\/testigo-niega-declarar-cara-20090924.html\">impedir declarar a una mujer que se neg\u00f3 a desprenderse del burka<\/a> que la cubr\u00eda.Con entrenado <strong>temple<\/strong>, D\u00edvar respondi\u00f3 que no pod\u00eda convertir su cargo de <strong>presidente del CGPJ<\/strong> en el de \u00abjuzgador de jueces\u00bb, reclam\u00f3 \u00ab<strong>respeto y consideraci\u00f3n<\/strong> para nuestros magistrados, que tienen una gran categor\u00eda mientras no se demuestre lo contrario\u00bb, y nos inst\u00f3 a los <strong>medios de comunicaci\u00f3n<\/strong> a \u00abseguir siendo transmisores de <strong>noticias basadas en la verdad<\/strong>\u00bb.<\/p>\n<p>Hoy veo a un D\u00edvar pla\u00f1idero en su <a href=\"http:\/\/www.larioja.com\/v\/20120619\/espana\/divar-irrita-nuevo-poder-20120619.html\">agon\u00eda<\/a>: ha perdido el respeto y la consideraci\u00f3n por la falta de <strong>explicaciones<\/strong> sobre su disposici\u00f3n de <strong>fondos p\u00fablicos<\/strong>, los medios han contado todas las versiones de la \u00abverdad\u00bb y el que no quer\u00eda juzgar a jueces <strong>ha terminado juzgado<\/strong>.<\/p>\n<p>Se me olvidaba. Esta visita que rememoro tuvo lugar el <strong>24 de septiembre del 2009<\/strong>, en plenos \u00ab<strong>sanmateos<\/strong>\u00bb. Logro\u00f1o no es Marbella, evidente, pero en sus fiestas te lo pasas de muerte.<\/p>\n<p>Nota: La foto est\u00e1 firmada por mi compa\u00f1ero Enrique del R\u00edo. En la imagen aparece Carlos D\u00edvar, en el centro, flanqueado por el ex fiscal jefe de La Rioja, Juan Calparsoro, y el presidente del Tribunal Superior de Justicia de La Rioja, Ignacio Espinosa.<\/p>\n","protected":false},"excerpt":{"rendered":"<p>Extremadamente cort\u00e9s y muy correcto en el uso de la palabra. As\u00ed es como recuerdo al presidente del Poder Judicial, Carlos D\u00edvar, en su \u00faltima visita oficial a Logro\u00f1o. Se reuni\u00f3 con la Sala de Gobierno del Tribunal Superior de Justicia de La Rioja y, dolido por las carencias constatadas, adquiri\u00f3 el compromiso -\u00abComo cosa [&hellip;]<\/p>\n","protected":false},"author":35,"featured_media":0,"comment_status":"open","ping_status":"closed","sticky":false,"template":"","format":"standard","meta":[],"categories":[9],"tags":[58,66,129,167],"_links":{"self":[{"href":"https:\/\/blogs.larioja.com\/eltragablog\/wp-json\/wp\/v2\/posts\/34"}],"collection":[{"href":"https:\/\/blogs.larioja.com\/eltragablog\/wp-json\/wp\/v2\/posts"}],"about":[{"href":"https:\/\/blogs.larioja.com\/eltragablog\/wp-json\/wp\/v2\/types\/post"}],"author":[{"embeddable":true,"href":"https:\/\/blogs.larioja.com\/eltragablog\/wp-json\/wp\/v2\/users\/35"}],"replies":[{"embeddable":true,"href":"https:\/\/blogs.larioja.com\/eltragablog\/wp-json\/wp\/v2\/comments?post=34"}],"version-history":[{"count":0,"href":"https:\/\/blogs.larioja.com\/eltragablog\/wp-json\/wp\/v2\/posts\/34\/revisions"}],"wp:attachment":[{"href":"https:\/\/blogs.larioja.com\/eltragablog\/wp-json\/wp\/v2\/media?parent=34"}],"wp:term":[{"taxonomy":"category","embeddable":true,"href":"https:\/\/blogs.larioja.com\/eltragablog\/wp-json\/wp\/v2\/categories?post=34"},{"taxonomy":"post_tag","embeddable":true,"href":"https:\/\/blogs.larioja.com\/eltragablog\/wp-json\/wp\/v2\/tags?post=34"}],"curies":[{"name":"wp","href":"https:\/\/api.w.org\/{rel}","templated":true}]}}