{"id":42,"date":"2012-06-27T13:57:03","date_gmt":"2012-06-27T11:57:03","guid":{"rendered":"http:\/\/blogs.larioja.com\/eltragablog\/?p=42"},"modified":"2012-06-27T13:57:03","modified_gmt":"2012-06-27T11:57:03","slug":"el-ultimo-lastre","status":"publish","type":"post","link":"https:\/\/blogs.larioja.com\/eltragablog\/2012\/06\/27\/el-ultimo-lastre\/","title":{"rendered":"El \u00faltimo lastre"},"content":{"rendered":"<p>&nbsp;<\/p>\n<p>Estoy en desacuerdo con las <strong>subvenciones<\/strong> a la <strong>miner\u00eda<\/strong>. Pero, al mismo tiempo, me opongo a que miles de trabajadores se queden al raso por una <strong>mala gesti\u00f3n de los gestores p\u00fablicos<\/strong>.<\/p>\n<p>Todos los Gobiernos de Espa\u00f1a anteriores al de Rajoy, hablo de <strong>Aznar<\/strong> y de <strong>Rodr\u00edguez Zapatero<\/strong>, tiraron por lo f\u00e1cil: <strong>subsidiar<\/strong> las minas, en lugar de apoyar la <strong>reconversi\u00f3n industrial<\/strong> de las cuencas y la <strong>reorientaci\u00f3n laboral<\/strong> de los j\u00f3venes llamados a heredar los puestos de sus abuelos y de sus padres en las galer\u00edas.<\/p>\n<p>Los mineros son poderosos, como lo demuestran sus <a href=\"http:\/\/www.larioja.com\/agencias\/20120622\/economia\/mineros-encerrados-arino-quieren-resistir_201206221839.html\">encierros<\/a> y <a href=\"http:\/\/www.larioja.com\/agencias\/20120625\/economia\/mineros-asturianos-leoneses-funden-marcha_201206251443.html\">marchas negras<\/a>. Pero si se echa la vista atr\u00e1s, pongamos unos treinta a\u00f1os, podemos recordar a otro colectivo de trabajadores, tanto o m\u00e1s abigarrados que los que olfatean las entra\u00f1as de la tierra: los del <strong>naval<\/strong>.<\/p>\n<p>En <strong>Euskalduna<\/strong>, con sus atarazanas a los pies de la Universidad de Deusto, los obreros se dejaron la salud en inagotables campa\u00f1as de resistencia que al final se saldaron con <strong>prejubilaciones<\/strong> y con el encarrilamiento profesional para los muchos que a\u00fan estaban en edad de merecer para el mercado del trabajo. Hablamos de los astilleros, pero tambi\u00e9n podemos hacerlo del <strong>textil<\/strong> o de la <strong>siderurgia<\/strong>. Sectores que pasaron de ser <strong>motores econ\u00f3micos<\/strong> a <strong>lastres insoportables<\/strong>.<\/p>\n<p>Ahora le toca a la miner\u00eda, por m\u00e1s que los mineros se aferren a su memoria gloriosa para evitar <strong>plantar cara<\/strong> al presente. Lo sabe el Gobierno de <strong>Rajoy<\/strong> y, aunque callen o digan lo contrario, tambi\u00e9n lo saben los <strong>gestores de las comarcas<\/strong> y los <strong>partidos de oposici\u00f3n<\/strong>. La cuesti\u00f3n es si se llegar\u00e1 a tiempo. El dinero se malgast\u00f3 en apaciguar las cuencas y postergar falsamente los <strong>cierres<\/strong>. El mismo que quiz\u00e1s falte ahora, lamentablemente, para resucitarlas.<\/p>\n<p>&nbsp;<\/p>\n<p><a href=\"\/eltragablog\/wp-content\/uploads\/sites\/32\/2012\/06\/euskalduna21.jpg\"><img loading=\"lazy\" class=\"aligncenter size-full wp-image-44\" title=\"euskalduna2\" src=\"\/eltragablog\/wp-content\/uploads\/sites\/32\/2012\/06\/euskalduna21.jpg\" alt=\"\" width=\"454\" height=\"297\" srcset=\"https:\/\/static-blogs.larioja.com\/wp-content\/uploads\/sites\/32\/2012\/06\/euskalduna21.jpg 454w, https:\/\/static-blogs.larioja.com\/wp-content\/uploads\/sites\/32\/2012\/06\/euskalduna21-300x196.jpg 300w\" sizes=\"(max-width: 454px) 100vw, 454px\" \/><\/a><a href=\"\/eltragablog\/wp-content\/uploads\/sites\/32\/2012\/06\/euskalduna2.jpg\"><br \/>\n<\/a><\/p>\n<p>Adivina, adivinanza: \u00bfQui\u00e9nes son los protagonistas de esta foto?<\/p>\n","protected":false},"excerpt":{"rendered":"<p>&nbsp; Estoy en desacuerdo con las subvenciones a la miner\u00eda. Pero, al mismo tiempo, me opongo a que miles de trabajadores se queden al raso por una mala gesti\u00f3n de los gestores p\u00fablicos. Todos los Gobiernos de Espa\u00f1a anteriores al de Rajoy, hablo de Aznar y de Rodr\u00edguez Zapatero, tiraron por lo f\u00e1cil: subsidiar las [&hellip;]<\/p>\n","protected":false},"author":35,"featured_media":0,"comment_status":"open","ping_status":"closed","sticky":false,"template":"","format":"standard","meta":[],"categories":[2,10],"tags":[86,111,142,177,182,223,248],"_links":{"self":[{"href":"https:\/\/blogs.larioja.com\/eltragablog\/wp-json\/wp\/v2\/posts\/42"}],"collection":[{"href":"https:\/\/blogs.larioja.com\/eltragablog\/wp-json\/wp\/v2\/posts"}],"about":[{"href":"https:\/\/blogs.larioja.com\/eltragablog\/wp-json\/wp\/v2\/types\/post"}],"author":[{"embeddable":true,"href":"https:\/\/blogs.larioja.com\/eltragablog\/wp-json\/wp\/v2\/users\/35"}],"replies":[{"embeddable":true,"href":"https:\/\/blogs.larioja.com\/eltragablog\/wp-json\/wp\/v2\/comments?post=42"}],"version-history":[{"count":0,"href":"https:\/\/blogs.larioja.com\/eltragablog\/wp-json\/wp\/v2\/posts\/42\/revisions"}],"wp:attachment":[{"href":"https:\/\/blogs.larioja.com\/eltragablog\/wp-json\/wp\/v2\/media?parent=42"}],"wp:term":[{"taxonomy":"category","embeddable":true,"href":"https:\/\/blogs.larioja.com\/eltragablog\/wp-json\/wp\/v2\/categories?post=42"},{"taxonomy":"post_tag","embeddable":true,"href":"https:\/\/blogs.larioja.com\/eltragablog\/wp-json\/wp\/v2\/tags?post=42"}],"curies":[{"name":"wp","href":"https:\/\/api.w.org\/{rel}","templated":true}]}}