{"id":49,"date":"2012-07-10T18:51:33","date_gmt":"2012-07-10T16:51:33","guid":{"rendered":"http:\/\/blogs.larioja.com\/eltragablog\/?p=49"},"modified":"2012-07-10T18:51:33","modified_gmt":"2012-07-10T16:51:33","slug":"a-la-pata-coja","status":"publish","type":"post","link":"https:\/\/blogs.larioja.com\/eltragablog\/2012\/07\/10\/a-la-pata-coja\/","title":{"rendered":"A la pata coja"},"content":{"rendered":"<p><a href=\"\/eltragablog\/wp-content\/uploads\/sites\/32\/2012\/07\/OBRAS1.jpeg\"><img loading=\"lazy\" class=\"aligncenter size-full wp-image-53\" title=\"OBRAS\" src=\"\/eltragablog\/wp-content\/uploads\/sites\/32\/2012\/07\/OBRAS1.jpeg\" alt=\"\" width=\"240\" height=\"210\" \/><\/a><\/p>\n<p>El pasado jueves gir\u00f3 visita oficial a <strong>La Rioja<\/strong>. Su aparici\u00f3n (apoy\u00e1ndose en una<strong> muleta<\/strong>) fue una acertada puesta en escena de lo que lo que le espera a esta comunidad en materia de <strong>comunicaciones de titularidad estatal<\/strong>. Por mucha voluntad que manifieste el <strong>Gobierno central<\/strong> para propulsar sus grandes proyectos en La Rioja, m\u00ednimo impulso puede tomar a la pata coja, secuestrado por unos <strong>presupuestos generales<\/strong>, a la fuerza cicateros.<\/p>\n<p>El Estado, representado en la figura de la titular de Fomento, <strong>Ana Pastor<\/strong>, reconoce la <strong>situaci\u00f3n deficitaria<\/strong> en la que se encuentra esta comunidad en materia de <strong>infraestructuras<\/strong>. Y todo su empe\u00f1o, palabra de ministra, es corregir ese \u00abdescubierto\u00bb \u00ab<strong>en el menor tiempo posible<\/strong>\u00bb. Eso s\u00ed, \u00ab<strong>en funci\u00f3n de los recursos econ\u00f3micos disponibles<\/strong>\u00bb. Que es tanto como decir: qu\u00e9 jodidos os dejaron los anteriores y qu\u00e9 jodidos vais a seguir. No money paisanos.<\/p>\n<p>Con todo y con eso, <a href=\"http:\/\/www.larioja.com\/v\/20120706\/rioja-region\/pastor-evita-fijar-plazos-20120706.html\">la ministra se mostr\u00f3 absolutamente compresiva con las necesidades de esta regi\u00f3n<\/a>, pero huy\u00f3 astutamente del ejercicio suicida (al que se presta la mayor\u00eda de los pol\u00edticos) de fijar plazos sospechosos de ser incumplidos. As\u00ed, la escuchamos establecer horizontes temporales como <strong>\u00aben unas semanas\u00bb<\/strong>, <strong>\u00aba la vuelta del verano\u00bb<\/strong> o \u00ab<strong>en unos cuantos a\u00f1os\u00bb<\/strong>. Lustros, podemos dar por hecho, en el caso del <a href=\"http:\/\/www.larioja.com\/v\/20120706\/rioja-region\/riojano-alta-velocidad-enlace-20120706.html\">eje de alta velocidad ferroviaria<\/a>.<\/p>\n<p>Esa es la impresi\u00f3n que me transmiti\u00f3 Pastor. Una percepci\u00f3n que, acaso, sea inexacta. Lo barrunto a la vista de la <strong>satisfacci\u00f3n<\/strong> que observ\u00e9 en los rostros, entre otros, del jefe del <strong>Ejecutivo regional<\/strong>, del <strong>delegado del Gobierno en La Rioja<\/strong>, del <strong>consejero de Obras P\u00fablicas<\/strong> y de la <a href=\"http:\/\/www.larioja.com\/v\/20120710\/rioja-logrono\/gamarra-valora-compromiso-pastor-20120710.html\">alcaldesa de Logro\u00f1o<\/a>.<\/p>\n<p>&nbsp;<\/p>\n<p><a href=\"\/eltragablog\/wp-content\/uploads\/sites\/32\/2012\/07\/OBRAS.jpeg\"><br \/>\n<\/a><\/p>\n","protected":false},"excerpt":{"rendered":"<p>El pasado jueves gir\u00f3 visita oficial a La Rioja. Su aparici\u00f3n (apoy\u00e1ndose en una muleta) fue una acertada puesta en escena de lo que lo que le espera a esta comunidad en materia de comunicaciones de titularidad estatal. Por mucha voluntad que manifieste el Gobierno central para propulsar sus grandes proyectos en La Rioja, m\u00ednimo [&hellip;]<\/p>\n","protected":false},"author":35,"featured_media":0,"comment_status":"open","ping_status":"closed","sticky":false,"template":"","format":"standard","meta":[],"categories":[4],"tags":[36,38,77,128,157,213],"_links":{"self":[{"href":"https:\/\/blogs.larioja.com\/eltragablog\/wp-json\/wp\/v2\/posts\/49"}],"collection":[{"href":"https:\/\/blogs.larioja.com\/eltragablog\/wp-json\/wp\/v2\/posts"}],"about":[{"href":"https:\/\/blogs.larioja.com\/eltragablog\/wp-json\/wp\/v2\/types\/post"}],"author":[{"embeddable":true,"href":"https:\/\/blogs.larioja.com\/eltragablog\/wp-json\/wp\/v2\/users\/35"}],"replies":[{"embeddable":true,"href":"https:\/\/blogs.larioja.com\/eltragablog\/wp-json\/wp\/v2\/comments?post=49"}],"version-history":[{"count":0,"href":"https:\/\/blogs.larioja.com\/eltragablog\/wp-json\/wp\/v2\/posts\/49\/revisions"}],"wp:attachment":[{"href":"https:\/\/blogs.larioja.com\/eltragablog\/wp-json\/wp\/v2\/media?parent=49"}],"wp:term":[{"taxonomy":"category","embeddable":true,"href":"https:\/\/blogs.larioja.com\/eltragablog\/wp-json\/wp\/v2\/categories?post=49"},{"taxonomy":"post_tag","embeddable":true,"href":"https:\/\/blogs.larioja.com\/eltragablog\/wp-json\/wp\/v2\/tags?post=49"}],"curies":[{"name":"wp","href":"https:\/\/api.w.org\/{rel}","templated":true}]}}