{"id":62,"date":"2012-11-27T12:26:57","date_gmt":"2012-11-27T11:26:57","guid":{"rendered":"http:\/\/blogs.larioja.com\/eltragablog\/?p=62"},"modified":"2012-11-27T12:26:57","modified_gmt":"2012-11-27T11:26:57","slug":"pudo-ser-peor","status":"publish","type":"post","link":"https:\/\/blogs.larioja.com\/eltragablog\/2012\/11\/27\/pudo-ser-peor\/","title":{"rendered":"Pudo ser peor"},"content":{"rendered":"<p>&nbsp;<\/p>\n<p>En v\u00edsperas de que los nacionalistas catalanes, como ya vaticin\u00f3 este suelto en octubre, acudiesen a la despensa electoral a atiborrarse de independentismo \u2018pata negra\u2019 y despreciasen a Casa Mas, <strong>Caja Rioja<\/strong> se volatiliz\u00f3 como <a href=\"http:\/\/www.larioja.com\/v\/20121125\/rioja-region\/asamblea-general-caja-rioja-20121125.html\">entidad de cr\u00e9dito<\/a>.<\/p>\n<p>Los responsables de la extinta Caja, la Comunidad y el PP se afanan en revestir con una aureola de \u2018normalidad\u2019 la <strong>mutaci\u00f3n jur\u00eddica en fundaci\u00f3n<\/strong>. Y as\u00ed es, efectivamente, porque <strong>Bankia<\/strong> ha heredado la funci\u00f3n financiera que ejerc\u00eda la Caja y \u00e9sta s\u00f3lo se queda para organizar exposiciones, patrocinar conciertos y ayudar en proyectos sociales, actividad, por otra parte, sumamente de agradecer hoy.<\/p>\n<p>Pero limitarse a esa lectura incompleta no conduce a ning\u00fan sitio, salvo a un redentor autoenga\u00f1o. La realidad es que Caja Rioja (como las otras socias sat\u00e9lites de la <strong>integraci\u00f3n<\/strong> con<strong> Caja Madrid<\/strong> y <strong>Bancaja<\/strong>) no tuvo toda la informaci\u00f3n de las <strong>cuentas<\/strong> al cierre de la operaci\u00f3n. Pero las dio por buenas. Porque, aun en el hipot\u00e9tico caso de haber dudado, su voz no iba acompa\u00f1ada del voto que conced\u00eda estar sentada en el <strong>consejo de administraci\u00f3n<\/strong> de Bankia.<\/p>\n<p>Los dos primeros sillones cedidos a los minoritarios los ocuparon los presidentes de <strong>Insular<\/strong> (que ya ha visitado los <strong>juzgados<\/strong> a jugar al \u2018Pasapalabra\u2019) y de <strong>Caja \u00c1vila<\/strong>. Caja Rioja se qued\u00f3 a la espera de turno, lo que despert\u00f3 <a href=\"http:\/\/www.larioja.com\/v\/20100620\/rioja-region\/oposicion-sindicatos-alertan-caja-20100620.html\">suspicacias en la oposici\u00f3n y los sindicatos<\/a>\u00a0 por la carencia de una voz permanente que hiciera valer su capacidad de decisi\u00f3n e influencia.<\/p>\n<p>A\u00f1o y medio despu\u00e9s, sin embargo, que el entonces presidente de Caja Rioja no estuviese sentado en la misma mesa de juntas que <strong>Rodrigo Rato<\/strong> supone un enorme alivio. Ver declarar ante el juez a <strong>Fernando Beltr\u00e1n<\/strong> es lo \u00fanico que\u00a0 faltaba para rematar a una entidad que merec\u00eda un mejor ep\u00edlogo.<\/p>\n<p><a href=\"\/eltragablog\/wp-content\/uploads\/sites\/32\/2012\/11\/RF06GTX1.jpg\"><img loading=\"lazy\" class=\"aligncenter size-full wp-image-63\" title=\"RF06GTX1\" src=\"\/eltragablog\/wp-content\/uploads\/sites\/32\/2012\/11\/RF06GTX1.jpg\" alt=\"\" width=\"600\" height=\"314\" srcset=\"https:\/\/static-blogs.larioja.com\/wp-content\/uploads\/sites\/32\/2012\/11\/RF06GTX1.jpg 600w, https:\/\/static-blogs.larioja.com\/wp-content\/uploads\/sites\/32\/2012\/11\/RF06GTX1-300x157.jpg 300w\" sizes=\"(max-width: 600px) 100vw, 600px\" \/><\/a><\/p>\n<p>La foto est\u00e1 fechada el 9 de julio del 2010 y su autor\u00eda corresponde a mi compa\u00f1ero Justo Rodr\u00edguez. En ella aparecen el presidente regional, <strong>Pedro Sanz<\/strong>, junto al entonces presidente de Caja Madrid y futuro m\u00e1ximo mandatario de Bankia, Rodrigo Rato, quien visit\u00f3 Logro\u00f1o para presentarle el Sistema de Protecci\u00f3n Institucional (<strong>SIP<\/strong>) que ali\u00f3 a las siete entidades de ahorros. Rato se hizo acompa\u00f1ar por los otros seis m\u00e1ximos directivos del resto de las cajas participantes en la integraci\u00f3n, entre ellos, Fernando Beltr\u00e1n, que en la imagen aparece flanqueado por Pedro Sanz y <strong>Jos\u00e9 Luis Olivas<\/strong> (Bancaja). En el extremo derecho de la fotograf\u00eda posan los dos presidentes de las minoritarias que entraron en el consejo de administraci\u00f3n de Bankia: <strong>Juan Manuel Su\u00e1rez del Toro<\/strong> (Caja Insular de Canarias) y <strong>Agust\u00edn Gonz\u00e1lez<\/strong> (Caja de \u00c1vila).<\/p>\n<p>&nbsp;<\/p>\n","protected":false},"excerpt":{"rendered":"<p>&nbsp; En v\u00edsperas de que los nacionalistas catalanes, como ya vaticin\u00f3 este suelto en octubre, acudiesen a la despensa electoral a atiborrarse de independentismo \u2018pata negra\u2019 y despreciasen a Casa Mas, Caja Rioja se volatiliz\u00f3 como entidad de cr\u00e9dito. Los responsables de la extinta Caja, la Comunidad y el PP se afanan en revestir con [&hellip;]<\/p>\n","protected":false},"author":35,"featured_media":0,"comment_status":"open","ping_status":"closed","sticky":false,"template":"","format":"standard","meta":[],"categories":[17],"tags":[46,54,55,88,134,168,244],"_links":{"self":[{"href":"https:\/\/blogs.larioja.com\/eltragablog\/wp-json\/wp\/v2\/posts\/62"}],"collection":[{"href":"https:\/\/blogs.larioja.com\/eltragablog\/wp-json\/wp\/v2\/posts"}],"about":[{"href":"https:\/\/blogs.larioja.com\/eltragablog\/wp-json\/wp\/v2\/types\/post"}],"author":[{"embeddable":true,"href":"https:\/\/blogs.larioja.com\/eltragablog\/wp-json\/wp\/v2\/users\/35"}],"replies":[{"embeddable":true,"href":"https:\/\/blogs.larioja.com\/eltragablog\/wp-json\/wp\/v2\/comments?post=62"}],"version-history":[{"count":0,"href":"https:\/\/blogs.larioja.com\/eltragablog\/wp-json\/wp\/v2\/posts\/62\/revisions"}],"wp:attachment":[{"href":"https:\/\/blogs.larioja.com\/eltragablog\/wp-json\/wp\/v2\/media?parent=62"}],"wp:term":[{"taxonomy":"category","embeddable":true,"href":"https:\/\/blogs.larioja.com\/eltragablog\/wp-json\/wp\/v2\/categories?post=62"},{"taxonomy":"post_tag","embeddable":true,"href":"https:\/\/blogs.larioja.com\/eltragablog\/wp-json\/wp\/v2\/tags?post=62"}],"curies":[{"name":"wp","href":"https:\/\/api.w.org\/{rel}","templated":true}]}}