{"id":68,"date":"2012-12-04T12:37:06","date_gmt":"2012-12-04T11:37:06","guid":{"rendered":"http:\/\/blogs.larioja.com\/eltragablog\/?p=68"},"modified":"2012-12-04T12:37:06","modified_gmt":"2012-12-04T11:37:06","slug":"la-flor-de-su-secreto","status":"publish","type":"post","link":"https:\/\/blogs.larioja.com\/eltragablog\/2012\/12\/04\/la-flor-de-su-secreto\/","title":{"rendered":"La flor de su secreto"},"content":{"rendered":"<p>&nbsp;<\/p>\n<p>\u00abQueda suspendida excepcionalmente la revalorizaci\u00f3n de las pensiones, con la excepci\u00f3n de las prestaciones m\u00e1s bajas del sistema, es decir, las no contributivas, las contributivas que reciben complementos de m\u00ednimos y las del antiguo r\u00e9gimen del SOVI no concurrentes con otras\u00bb.\u00a0 Esto que leen es un extracto del real decreto aprobado en el 2010 por el Gobierno de Rodr\u00edguez Zapatero, que congel\u00f3 las pensiones durante el 2011.<\/p>\n<p>Introduzco esta nota aclaratoria para ahuyentar a los oportunistas y recordarles que el \u00faltimo que se aloj\u00f3 en La Moncloa tambi\u00e9n crucific\u00f3 a mi madre, a mi t\u00eda, a mi suegra, al yayo Tasio (alter ego de mi compa\u00f1ero Teri S\u00e1enz) y a millones de pensionistas como ellos.<\/p>\n<p><a href=\"\/eltragablog\/wp-content\/uploads\/sites\/32\/2012\/12\/pensiones.jpeg\"><img loading=\"lazy\" class=\"alignright size-full wp-image-69\" title=\"pensiones\" src=\"\/eltragablog\/wp-content\/uploads\/sites\/32\/2012\/12\/pensiones.jpeg\" alt=\"\" width=\"240\" height=\"160\" \/><\/a>El inquilino que ocupa tan excelso palacio en la actualidad no ha llegado a meter en el frigor\u00edfico presupuestario las n\u00f3minas de jubilados,<br \/>\nviudos y hu\u00e9rfanos. Pero las ha tocado gravemente. Aduce que no tiene m\u00e1s remedio, porque pedir un pr\u00e9stamo (como hizo Aznar en 1996)<br \/>\npara recompensar en el 2013 la totalidad del encarecimiento que los precios han registrado este a\u00f1o descuadrar\u00eda las maltrechas cuentas de<br \/>\nesta Espa\u00f1a en concurso de acreedores.<\/p>\n<p>Lo que m\u00e1s me inflama (a estas alturas los incumplimientos electorales escuecen menos, por previsibles) son los mensajes confusos que Rajoy (pocas veces) y sus altos comisionados (las m\u00e1s) han ido lanzando\u00a0 para desasosiego de las \u2018clases pasivas\u2019. Como quien deshoja una margarita, p\u00e9talo a p\u00e9talo: el lunes no tocamos las pensiones; el martes, s\u00ed; el mi\u00e9rcoles, no&#8230;<\/p>\n<p>Y as\u00ed han echado unos meses, manteniendo en la inc\u00f3gnita a los pensionistas, \u00ablas personas m\u00e1s indefensas, las que lo tienen m\u00e1s dif\u00edcil\u00bb,<br \/>\nen definici\u00f3n del mism\u00edsimo presidente del Gobierno de Espa\u00f1a. Pues eso.<\/p>\n<p>&nbsp;<\/p>\n<p>&nbsp;<\/p>\n","protected":false},"excerpt":{"rendered":"<p>&nbsp; \u00abQueda suspendida excepcionalmente la revalorizaci\u00f3n de las pensiones, con la excepci\u00f3n de las prestaciones m\u00e1s bajas del sistema, es decir, las no contributivas, las contributivas que reciben complementos de m\u00ednimos y las del antiguo r\u00e9gimen del SOVI no concurrentes con otras\u00bb.\u00a0 Esto que leen es un extracto del real decreto aprobado en el 2010 [&hellip;]<\/p>\n","protected":false},"author":35,"featured_media":0,"comment_status":"open","ping_status":"closed","sticky":false,"template":"","format":"standard","meta":[],"categories":[2],"tags":[81,201,202,221,232],"_links":{"self":[{"href":"https:\/\/blogs.larioja.com\/eltragablog\/wp-json\/wp\/v2\/posts\/68"}],"collection":[{"href":"https:\/\/blogs.larioja.com\/eltragablog\/wp-json\/wp\/v2\/posts"}],"about":[{"href":"https:\/\/blogs.larioja.com\/eltragablog\/wp-json\/wp\/v2\/types\/post"}],"author":[{"embeddable":true,"href":"https:\/\/blogs.larioja.com\/eltragablog\/wp-json\/wp\/v2\/users\/35"}],"replies":[{"embeddable":true,"href":"https:\/\/blogs.larioja.com\/eltragablog\/wp-json\/wp\/v2\/comments?post=68"}],"version-history":[{"count":0,"href":"https:\/\/blogs.larioja.com\/eltragablog\/wp-json\/wp\/v2\/posts\/68\/revisions"}],"wp:attachment":[{"href":"https:\/\/blogs.larioja.com\/eltragablog\/wp-json\/wp\/v2\/media?parent=68"}],"wp:term":[{"taxonomy":"category","embeddable":true,"href":"https:\/\/blogs.larioja.com\/eltragablog\/wp-json\/wp\/v2\/categories?post=68"},{"taxonomy":"post_tag","embeddable":true,"href":"https:\/\/blogs.larioja.com\/eltragablog\/wp-json\/wp\/v2\/tags?post=68"}],"curies":[{"name":"wp","href":"https:\/\/api.w.org\/{rel}","templated":true}]}}