{"id":77,"date":"2013-02-20T12:28:25","date_gmt":"2013-02-20T11:28:25","guid":{"rendered":"http:\/\/blogs.larioja.com\/eltragablog\/?p=77"},"modified":"2013-02-20T12:28:25","modified_gmt":"2013-02-20T11:28:25","slug":"si-o-no-asi-de-facil","status":"publish","type":"post","link":"https:\/\/blogs.larioja.com\/eltragablog\/2013\/02\/20\/si-o-no-asi-de-facil\/","title":{"rendered":"S\u00ed o no, as\u00ed de f\u00e1cil"},"content":{"rendered":"<p>El <strong>refer\u00e9ndum<\/strong> es uno de los mecanismos de <strong>participaci\u00f3n<\/strong> directa de los ciudadanos en la vida pol\u00edtica, consistente en formular una pregunta a los votantes para que se pronuncien afirmativa o negativamente sobre cuestiones de especial transcendencia para su vida cotidiana.<\/p>\n<p>La propuesta realizada por el\u00a0 Ayuntamiento que dirige <strong>Cuca Gamarra<\/strong> para <a href=\"http:\/\/www.larioja.com\/v\/20130124\/rioja-logrono\/proyectos-rotonda-vara-lobete-20130124.html\">remodelar la glorieta de Vara de Rey<\/a>, suprimiendo el paso subterr\u00e1neo de <strong>Duques de N\u00e1jera<\/strong> parece, al menos por las reiteradas quejas que recoge \u2018El Tel\u00e9fono del Lector\u2019 de este diario, una cuesti\u00f3n de especial transcendencia que, quiz\u00e1s, merece ser sometida a la <strong>consulta<\/strong> de los <strong>logro\u00f1eses<\/strong>.<\/p>\n<p>No es la primera vez que el Consistorio capitalino convoca un refer\u00e9ndum. Ya lo hizo en octubre de 1998, con Jos\u00e9 Luis Bermejo asiendo el bast\u00f3n de mando, cuando puls\u00f3 la opini\u00f3n de los logro\u00f1eses sobre si la futura <strong>estaci\u00f3n soterrada del ferrocarril<\/strong> deb\u00eda mantenerse entre Avenida de Col\u00f3n y el barrio de Cascajos, o era preferible trasladarla, tal y como defend\u00eda aquel equipo de Gobierno municipal, a una zona pr\u00f3xima a la calle Divino Maestro. El 71% de los votantes que participaron en la consulta se decant\u00f3 por la primera opci\u00f3n. El Ayuntamiento hizo suyo el deseo mayoritario de la poblaci\u00f3n y la nueva terminal se construy\u00f3 sobre la vieja estaci\u00f3n.<\/p>\n<p>La existencia de este antecedente, m\u00e1s all\u00e1 del sentido com\u00fan (los lectores que protestan el proyecto de la rotonda censuran tanto el gasto previsto como la<strong> ineficacia<\/strong> de modificar una infraestructura que funciona espl\u00e9ndidamente), sugiere la oportunidad de someter el plan a un refer\u00e9ndum. Y que el pueblo decida.<\/p>\n","protected":false},"excerpt":{"rendered":"<p>El refer\u00e9ndum es uno de los mecanismos de participaci\u00f3n directa de los ciudadanos en la vida pol\u00edtica, consistente en formular una pregunta a los votantes para que se pronuncien afirmativa o negativamente sobre cuestiones de especial transcendencia para su vida cotidiana. La propuesta realizada por el\u00a0 Ayuntamiento que dirige Cuca Gamarra para remodelar la glorieta [&hellip;]<\/p>\n","protected":false},"author":35,"featured_media":0,"comment_status":"open","ping_status":"closed","sticky":false,"template":"","format":"standard","meta":[],"categories":[2],"tags":[43,72,85,175,196,226,235],"_links":{"self":[{"href":"https:\/\/blogs.larioja.com\/eltragablog\/wp-json\/wp\/v2\/posts\/77"}],"collection":[{"href":"https:\/\/blogs.larioja.com\/eltragablog\/wp-json\/wp\/v2\/posts"}],"about":[{"href":"https:\/\/blogs.larioja.com\/eltragablog\/wp-json\/wp\/v2\/types\/post"}],"author":[{"embeddable":true,"href":"https:\/\/blogs.larioja.com\/eltragablog\/wp-json\/wp\/v2\/users\/35"}],"replies":[{"embeddable":true,"href":"https:\/\/blogs.larioja.com\/eltragablog\/wp-json\/wp\/v2\/comments?post=77"}],"version-history":[{"count":0,"href":"https:\/\/blogs.larioja.com\/eltragablog\/wp-json\/wp\/v2\/posts\/77\/revisions"}],"wp:attachment":[{"href":"https:\/\/blogs.larioja.com\/eltragablog\/wp-json\/wp\/v2\/media?parent=77"}],"wp:term":[{"taxonomy":"category","embeddable":true,"href":"https:\/\/blogs.larioja.com\/eltragablog\/wp-json\/wp\/v2\/categories?post=77"},{"taxonomy":"post_tag","embeddable":true,"href":"https:\/\/blogs.larioja.com\/eltragablog\/wp-json\/wp\/v2\/tags?post=77"}],"curies":[{"name":"wp","href":"https:\/\/api.w.org\/{rel}","templated":true}]}}