{"id":78,"date":"2013-02-21T13:45:33","date_gmt":"2013-02-21T12:45:33","guid":{"rendered":"http:\/\/blogs.larioja.com\/eltragablog\/?p=78"},"modified":"2013-02-21T13:45:33","modified_gmt":"2013-02-21T12:45:33","slug":"garcia-calzada-el-nuevo-hombre-fuerte-de-la-fer","status":"publish","type":"post","link":"https:\/\/blogs.larioja.com\/eltragablog\/2013\/02\/21\/garcia-calzada-el-nuevo-hombre-fuerte-de-la-fer\/","title":{"rendered":"Garc\u00eda-Calzada, el nuevo hombre fuerte de la FER"},"content":{"rendered":"<p>&nbsp;<\/p>\n<p>Tal y como adelant\u00f3 Diario LA RIOJA hace exactamente una semana, el presidente de la Asociaci\u00f3n de Hoteles de La Rioja, <strong>Jaime Garc\u00eda Calzada<\/strong>, optar\u00e1 a la presidencia de la<strong> FER<\/strong> en sustituci\u00f3n de <strong>Juli\u00e1n Dom\u00e9nech<\/strong>. Ambos han comparecido esta ma\u00f1ana en una <a href=\"http:\/\/www.larioja.com\/20130221\/local\/region\/calzada-201302211125.html\">rueda de prensa<\/a>. Garc\u00eda-Calzada lo ha hecho como candidato respaldado por unanimidad por la <strong>comisi\u00f3n permanente<\/strong> de la FER (para entendernos, el consejo de administraci\u00f3n de la patronal riojana) y Juli\u00e1n Dom\u00e9nech (70 a\u00f1os), como presidente saliente, camino de la jubilaci\u00f3n.<\/p>\n<p>Tambi\u00e9n, y como tu peri\u00f3dico de cabecera te inform\u00f3 el d\u00eda 14, Garc\u00eda-Calzada (uno de los tres vicepresidentes de la actual c\u00fapula de la organizaci\u00f3n empresarial) cuenta no s\u00f3lo con el respaldo de los cuadros dirigentes de la FER. Adem\u00e1s registra el apoyo de\u00a0 <strong>diversas asociaciones<\/strong> que integran la FER. \u00bfDe cu\u00e1ntas? \u00bfEn qu\u00e9 t\u00e9rminos porcentuales se traducen esos avales? Garc\u00eda-Calzada no lo ha dicho.<\/p>\n<p>Director gerente del Hotel Marqu\u00e9s de Vallejo, el ya candidato a la presidencia de la FER lleva casi dos d\u00e9cadas vinculado a la patronal del sector riojano, cargo que combina en la actualidad con su participaci\u00f3n en la comisi\u00f3n de <strong>Turismo<\/strong> de la CEOE y en el comit\u00e9 ejecutivo de la Confederaci\u00f3n Espa\u00f1ola de Hoteles y Alojamientos Tur\u00edsticos (CEHAT). Con su previsible elecci\u00f3n como nuevo presidente de la FER en las <strong>elecciones del 20 de marzo<\/strong> (si surgiese alg\u00fan otro candidato, lo que parece improbable, tiene de plazo hasta el d\u00eda 8 para presentarse) quien siempre ha defendido que el turismo est\u00e1 llamado a \u00abjugar un papel fundamental en la salida de la crisis\u00bb, asumir\u00e1 una nueva responsabilidad en su trayectoria p\u00fablica dentro el <strong>empresariado riojano<\/strong>.<\/p>\n<p>Juli\u00e1n Dom\u00e9nech, el actual presidente de la FER, lleg\u00f3 a la c\u00faspide de la patronal riojana en <strong>marzo del 200<\/strong>2 en sustituci\u00f3n de <strong>Luis Felipe Rosel<\/strong>, quien estuvo al mando de la Federaci\u00f3n de Empresarios durante dos d\u00e9cadas.<\/p>\n<p>En <strong>mayo del 2005<\/strong>, Dom\u00e9nech dimiti\u00f3 al estimar \u00abcumplidos\u00bb los objetivos de su primer mandato y en junio de ese a\u00f1o fue reelegido con el respaldo del 98,6% de la asamblea. La tercera y \u00faltima vez que compiti\u00f3 por la Presidencia de la patronal riojana fue en <a href=\"http:\/\/www.larioja.com\/20090414\/local\/region\/domenech-reelegido-presidente-votos-200904141206.html\">abril del 2009<\/a>, transmitiendo a los asociados el mensaje de \u00abtrabajo, trabajo y trabajo\u00bb para superar la crisis.<\/p>\n<p>Dom\u00e9nech forma parte en la actualidad de la junta directiva de la CEOE, patronal de las patronales de Espa\u00f1a, que desde el 2010 preside Joan Rosell (la comisi\u00f3n permanente de la FER apoy\u00f3 su candidatura).<\/p>\n<p>El presidente de la FER ha mantenido un tira y afloja con los principales sindicatos de la regi\u00f3n. Junto a los secretarios generales de <strong>UGT y CCOO<\/strong> firm\u00f3 los tres \u00faltimos grandes <strong>convenios institucionales<\/strong> de la regi\u00f3n con el Gobierno de La Rioja: los &#8216;Acuerdos Sociales por la Productividad y el Empleo&#8217; de enero del 2005 y de marzo del 2009, y el Pacto por el Empleo de diciembre del 2011. Sin embargo, <strong>cuatro huelgas generales<\/strong> (junio del 2002, septiembre del 2010 y marzo y noviembre del 2012), <strong>dos reformas laborales<\/strong> (una con Rodr\u00edguez Zapatero y otra con Rajoy) y el bloqueo de la <strong>negociaci\u00f3n colectiva<\/strong> &#8216;enfriaron&#8217; el di\u00e1logo institucional que, finalmente, <a href=\"http:\/\/www.larioja.com\/v\/20130202\/rioja-region\/sanz-plantea-abrir-dialogo-20130202.html\">logr\u00f3 reanudarse hace tres semanas<\/a>. Una reactivaci\u00f3n que se antoja ef\u00edmera si se tiene en cuenta los avisos lanzados el mi\u00e9rcoles por el secretario general de UGT-Rioja.<\/p>\n<p>&nbsp;<\/p>\n<p>&nbsp;<\/p>\n","protected":false},"excerpt":{"rendered":"<p>&nbsp; Tal y como adelant\u00f3 Diario LA RIOJA hace exactamente una semana, el presidente de la Asociaci\u00f3n de Hoteles de La Rioja, Jaime Garc\u00eda Calzada, optar\u00e1 a la presidencia de la FER en sustituci\u00f3n de Juli\u00e1n Dom\u00e9nech. Ambos han comparecido esta ma\u00f1ana en una rueda de prensa. Garc\u00eda-Calzada lo ha hecho como candidato respaldado por [&hellip;]<\/p>\n","protected":false},"author":35,"featured_media":0,"comment_status":"open","ping_status":"closed","sticky":false,"template":"","format":"standard","meta":[],"categories":[17],"tags":[29,104,106,110,127,139,197,212],"_links":{"self":[{"href":"https:\/\/blogs.larioja.com\/eltragablog\/wp-json\/wp\/v2\/posts\/78"}],"collection":[{"href":"https:\/\/blogs.larioja.com\/eltragablog\/wp-json\/wp\/v2\/posts"}],"about":[{"href":"https:\/\/blogs.larioja.com\/eltragablog\/wp-json\/wp\/v2\/types\/post"}],"author":[{"embeddable":true,"href":"https:\/\/blogs.larioja.com\/eltragablog\/wp-json\/wp\/v2\/users\/35"}],"replies":[{"embeddable":true,"href":"https:\/\/blogs.larioja.com\/eltragablog\/wp-json\/wp\/v2\/comments?post=78"}],"version-history":[{"count":0,"href":"https:\/\/blogs.larioja.com\/eltragablog\/wp-json\/wp\/v2\/posts\/78\/revisions"}],"wp:attachment":[{"href":"https:\/\/blogs.larioja.com\/eltragablog\/wp-json\/wp\/v2\/media?parent=78"}],"wp:term":[{"taxonomy":"category","embeddable":true,"href":"https:\/\/blogs.larioja.com\/eltragablog\/wp-json\/wp\/v2\/categories?post=78"},{"taxonomy":"post_tag","embeddable":true,"href":"https:\/\/blogs.larioja.com\/eltragablog\/wp-json\/wp\/v2\/tags?post=78"}],"curies":[{"name":"wp","href":"https:\/\/api.w.org\/{rel}","templated":true}]}}