{"id":79,"date":"2013-02-25T14:10:37","date_gmt":"2013-02-25T13:10:37","guid":{"rendered":"http:\/\/blogs.larioja.com\/eltragablog\/?p=79"},"modified":"2013-02-25T14:10:37","modified_gmt":"2013-02-25T13:10:37","slug":"yo-he-vivido-la-corrupcion-de-los-pujol-unos-bandidos","status":"publish","type":"post","link":"https:\/\/blogs.larioja.com\/eltragablog\/2013\/02\/25\/yo-he-vivido-la-corrupcion-de-los-pujol-unos-bandidos\/","title":{"rendered":"&#8220;Yo he vivido la corrupci\u00f3n de los Pujol; unos bandidos&#8221;"},"content":{"rendered":"<p>&nbsp;<\/p>\n<p><strong>Juli\u00e1n Dom\u00e9nech<\/strong>, el presidente de la <strong>Federaci\u00f3n de Empresarios de La Rioja (FER<\/strong>), abandonar\u00e1 su cargo el pr\u00f3ximo d\u00eda 20, tras once a\u00f1os en la c\u00faspide de la patronal riojana.\u00a0 Por tal motivo, <strong>Diario LA RIOJA<\/strong> entrevist\u00f3 al jefe de la patronal riojana en su despacho en la sede la patronal el pasado viernes. Fue una conversaci\u00f3n extensa, relajada y period\u00edsticamente\u00a0 muy fruct\u00edfera, con declaraciones sorprendentes e inesperadas que se publicaron en la edici\u00f3n del domingo. Lo que ha trascendido a nivel nacional es su reconocimiento de &#8220;haber sufrido la <strong>corrupci\u00f3n de los Pujol<\/strong>, unos bandidos&#8221;, para trabajar con su empresa Incosa en <strong>Catalu\u00f1a<\/strong>. Pero sus declaraciones en el terreno estrictamente regional tampoco tienen desperdicio: asegura que en el 2002 hered\u00f3 una patronal &#8220;desordenada, desmotivada y que no pagaba impuestos&#8221;, y reprocha al presidente de la <strong>C\u00e1mara de Comercio<\/strong>, Jos\u00e9 Mar\u00eda <strong>Ruiz-Alejos<\/strong>, una deslealtad institucional y personal. A continuaci\u00f3n reproduzco la entrevista tal y como fue publicada.<\/p>\n<p>&nbsp;<\/p>\n<p>No s\u00f3lo Mariano Rajoy se lamenta de la \u00abherencia\u00bb recibida. Tambi\u00e9n lo hace el presidente saliente de la patronal riojana, Juli\u00e1n Dom\u00e9nech, quien en esta entrevista de balance de sus tres mandatos revela que \u00abtardamos m\u00e1s de dos a\u00f1os en poner orden a una FER desangelada, desorganizada, desmotivada y sin orden en sus cuentas\u00bb.<br \/>\n-\u00bfQu\u00e9 FER encontr\u00f3, qu\u00e9 FER deja?<br \/>\n-Nos encontramos una FER en la que la contabilidad se mezclaba con las de sus asociaciones, no estaba auditada, no pagaba impuestos? Tardamos m\u00e1s de dos a\u00f1os en poner orden. Fueron dos a\u00f1os de mucha tensi\u00f3n porque me encontr\u00e9 con frenos y miedos, ya que la mitad de la comisi\u00f3n permanente ven\u00eda del anterior mandato. Ped\u00ed asesoramiento a una empresa externa, Uliker, y en un mes y pico detect\u00f3 que hab\u00eda muchas cosas que se hab\u00edan hecho muy mal para beneficio de ciertas personas y no del conjunto de la entidad. Hab\u00eda actuaciones que eran de juzgado de guardia. A partir de ah\u00ed, con el apoyo del equipo de la FER y del secretario general, comenzamos a trabajar. Tuvimos que despedir a algunas personas y las indemnizamos a todas. \u00a1A todas! Incluso a las que moralmente no lo merec\u00edan por no haber cumplido con su deber. Empezamos a regularizar nuestra situaci\u00f3n impositiva, cuesti\u00f3n en la que tengo que agradecer mucho la comprensi\u00f3n de la Delegaci\u00f3n de la Agencia Tributaria, el equipo recuper\u00f3 la motivaci\u00f3n y salimos del pozo.<br \/>\n-Y los \u00e1nimos se calmaron?<br \/>\n-S\u00ed. Cualquier decisi\u00f3n se ha consensuado con la permanente. Esa ha sido la piedra angular de once a\u00f1os de paz y gobernanza internas. En este sentido me alegro de que el futuro presidente (en referencia a Jaime Garc\u00eda-Calzada) comulgue con seguir actuando desde el consenso. Sin personalismos.<br \/>\n-\u00bfDa por hecha la elecci\u00f3n de Garc\u00eda-Calzada?<br \/>\n-No, no, por supuesto. Hay que esperar hasta el d\u00eda 8 para ver si alguien m\u00e1s opta. Lo que quiero decir es que Jaime encabeza una candidatura de consenso y eso es muy bueno para evitar \u00abguerras\u00bb.<br \/>\n-Ganada la paz interior estall\u00f3 el conflicto externo con la C\u00e1mara de Comercio por la decisi\u00f3n de presentarse a las elecciones de la entidad cameral del 2006.<br \/>\n-Fue un acuerdo un\u00e1nime de la permanente de la FER. Hab\u00eda muchos empresarios \u00abquejosos\u00bb con la C\u00e1mara y, a nivel institucional, la entidad cameral no respond\u00eda con la misma reciprocidad al pacto de equilibrio por la unidad empresarial que hab\u00edamos convenido su presidente, Jos\u00e9 Mar\u00eda Ruiz-Alejos, y yo mismo dos a\u00f1os antes. Antes de dar ese paso, no obstante, me cit\u00e9 con Jos\u00e9 Mari y le dije: \u00abJos\u00e9 Mari veo que cada vez que te doy la mano me la muerdes\u00bb. Y su respuesta, que me acompa\u00f1ar\u00e1 mientras viva, fue: \u00abEso es consustancial conmigo\u00bb. Me doli\u00f3 much\u00edsimo y a partir de ese momento nos fuimos distanciando. Llegaron las elecciones, concurrimos y perdimos, aunque logramos meter a diez personas en el pleno de la C\u00e1mara. En cuya labor, por cierto, jam\u00e1s nos hemos entrometido.<br \/>\n-\u00bfInvitar el a\u00f1o pasado a nueve embajadores a La Rioja para abrir mercados de exportaci\u00f3n a las empresas no es inmiscuirse en una competencia de la C\u00e1mara?<br \/>\n-Nuestra motivaci\u00f3n fue colaborar en el fomento de la exportaci\u00f3n, pero hubo quien se lo tom\u00f3 mal por pensar que ese era su \u00abcoto de caza\u00bb. Pero de nada sirve tener un coto si no cazas, \u00bfverdad?<br \/>\n-\u00bfC\u00f3mo sent\u00f3 en el Gobierno regional la decisi\u00f3n de concurrir a las elecciones camerales?<br \/>\n-Es cierto que tuvimos que luchar tambi\u00e9n contra \u00e9l como autoridad tutelante de la C\u00e1mara. El error fue no hacerle una consulta previa.<br \/>\n\u00abApaleado y atacado\u00bb<br \/>\n-\u00bfY c\u00f3mo le sent\u00f3 a usted que Ruiz-Alejos desautorizase su intenci\u00f3n de aspirar a la presidencia de la C\u00e1mara asegurando que, como empresario, \u00abs\u00f3lo tocaba de o\u00eddo\u00bb?<br \/>\n-Me doli\u00f3 m\u00e1s cuando en una cena que se celebr\u00f3 poco despu\u00e9s de las elecciones, y a la que acud\u00ed en representaci\u00f3n de la FER acompa\u00f1ado de mi esposa, me sent\u00ed apaleado y atacado por Ruiz-Alejos. Hubo empresarios que me comentaron que lo que hab\u00eda ocurrido era una verg\u00fcenza. Yo nunca he hecho ataques directos hacia la C\u00e1mara o hacia su m\u00e1ximo representante.<br \/>\n-\u00bfY no es un ataque justificar, como lo hizo la FER, que concurr\u00eda a las elecciones de la C\u00e1mara \u00abcon el fin de dar su gesti\u00f3n a los empresarios\u00bb?<br \/>\n-\u00bfDijimos eso?<br \/>\n-S\u00ed, en la rueda de prensa del 1 de diciembre del 2005 en la que comunic\u00f3 la decisi\u00f3n de concurrir.<br \/>\n-No lo recuerdo, pero creo que lo que quer\u00edamos decir es que dese\u00e1bamos una gesti\u00f3n de plenario y no una gesti\u00f3n unipersonal.<br \/>\n-UGT-Rioja ha denunciado que 19 convenios (41.000 trabajadores) pueden caer en junio si no se desbloquea su negociaci\u00f3n y que hay empresas que est\u00e1n aprovechando la situaci\u00f3n actual de forma \u00abil\u00edcita\u00bb para obligar a sus empleados a firmar, uno por uno, rebajas salariales?<br \/>\n-Admito que puede haber empresas que incurran en estas pr\u00e1cticas. Pero yo, ya me lo han o\u00eddo m\u00e1s de una vez, defiendo a los buenos empresarios, no a lo malos. Respecto al tema de los convenios regionales, soy consciente de la petici\u00f3n de Javier Granda. Como presidente de la FER puedo recomendar a las asociaciones que lleguen a un acuerdo, pero lo que no puedo hacer es imponer, porque cada una toma sus decisiones libremente. Creo que hay que renovar, superar y perfeccionar los convenios, pero hay que hacerlo desde la realidad. Eso nos exige audacia a los empresarios y a los sindicatos para avanzar en la flexibilidad interna que evite despidos. Y desde luego, sin conflictividad, porque con \u00abshows\u00bb o con amenazas no se puede avanzar.<br \/>\n-\u00bfC\u00f3mo afecta la crisis a la FER?<br \/>\n-\u00c9ramos 3.500 asociados y ahora estamos 2.980, lo que supone un descenso de la recaudaci\u00f3n por cuotas, dinero que destinamos a los salarios de la plantilla, que mantenemos intacta. En el \u00faltimo a\u00f1o hemos perdido 65.000 euros porque nos han fallado los ingresos, entre ellos, el convenio con el Gobierno regional, algo m\u00e1s de 120.000 euros, que en el 2012 se qued\u00f3 a cero. Sin embargo, gracias a la austeridad, contamos con unas reservas de 3,2 millones y no tenemos deuda.<br \/>\n-\u00bfEs consciente del descr\u00e9dito social de patronales y sindicatos?<br \/>\n-Le puedo asegurar que la FER no recibe tantos fondos como la gente cree. Esta Federaci\u00f3n se ha ajustado el cintur\u00f3n como lo hacen las empresas y las familias. \u00bfSabe cu\u00e1ntos coches oficiales hay en Espa\u00f1a? 60.000; \u00bfsabe cu\u00e1ntas empresas p\u00fablicas absurdas, deficitarias y pintorescas hay para que los partidos coloquen a su gente? 4.000; \u00bfsabe cu\u00e1ntos funcionarios sobran? en CEOE estimamos que dos de los 3,2 millones que hay. Escucho al Gobierno, escucho a la oposici\u00f3n, y concluyo que los partidos y los ciudadanos estamos en mundos diferentes. Y ya no hablemos de la corrupci\u00f3n, algo que he sufrido personalmente.<br \/>\n-\u00bfC\u00f3mo dice&#8230;?<br \/>\n-Yo he vivido la corrupci\u00f3n de los Pujol. Unos bandidos. Para trabajar con mi empresa en Catalu\u00f1a ten\u00eda que lograr el pl\u00e1cet de CiU y mi \u00abcontribuci\u00f3n\u00bb deb\u00eda ser del 3%. \u00bfLe suena? Un impuesto revolucionario que lleg\u00f3 al 4% y, en alguna ocasi\u00f3n, hasta el 5%. Esa es mi vivencia y no soy un sinverg\u00fcenza. Yo lo \u00fanico que quer\u00eda era trabajar.<\/p>\n","protected":false},"excerpt":{"rendered":"<p>&nbsp; Juli\u00e1n Dom\u00e9nech, el presidente de la Federaci\u00f3n de Empresarios de La Rioja (FER), abandonar\u00e1 su cargo el pr\u00f3ximo d\u00eda 20, tras once a\u00f1os en la c\u00faspide de la patronal riojana.\u00a0 Por tal motivo, Diario LA RIOJA entrevist\u00f3 al jefe de la patronal riojana en su despacho en la sede la patronal el pasado viernes. [&hellip;]<\/p>\n","protected":false},"author":35,"featured_media":0,"comment_status":"open","ping_status":"closed","sticky":false,"template":"","format":"standard","meta":[],"categories":[2],"tags":[61,83,125,127,166,219],"_links":{"self":[{"href":"https:\/\/blogs.larioja.com\/eltragablog\/wp-json\/wp\/v2\/posts\/79"}],"collection":[{"href":"https:\/\/blogs.larioja.com\/eltragablog\/wp-json\/wp\/v2\/posts"}],"about":[{"href":"https:\/\/blogs.larioja.com\/eltragablog\/wp-json\/wp\/v2\/types\/post"}],"author":[{"embeddable":true,"href":"https:\/\/blogs.larioja.com\/eltragablog\/wp-json\/wp\/v2\/users\/35"}],"replies":[{"embeddable":true,"href":"https:\/\/blogs.larioja.com\/eltragablog\/wp-json\/wp\/v2\/comments?post=79"}],"version-history":[{"count":0,"href":"https:\/\/blogs.larioja.com\/eltragablog\/wp-json\/wp\/v2\/posts\/79\/revisions"}],"wp:attachment":[{"href":"https:\/\/blogs.larioja.com\/eltragablog\/wp-json\/wp\/v2\/media?parent=79"}],"wp:term":[{"taxonomy":"category","embeddable":true,"href":"https:\/\/blogs.larioja.com\/eltragablog\/wp-json\/wp\/v2\/categories?post=79"},{"taxonomy":"post_tag","embeddable":true,"href":"https:\/\/blogs.larioja.com\/eltragablog\/wp-json\/wp\/v2\/tags?post=79"}],"curies":[{"name":"wp","href":"https:\/\/api.w.org\/{rel}","templated":true}]}}