{"id":80,"date":"2013-02-27T17:06:49","date_gmt":"2013-02-27T16:06:49","guid":{"rendered":"http:\/\/blogs.larioja.com\/eltragablog\/?p=80"},"modified":"2013-02-27T17:06:49","modified_gmt":"2013-02-27T16:06:49","slug":"debate-casero","status":"publish","type":"post","link":"https:\/\/blogs.larioja.com\/eltragablog\/2013\/02\/27\/debate-casero\/","title":{"rendered":"Debate casero"},"content":{"rendered":"<p>&nbsp;<\/p>\n<p>Tom\u00f3 la palabra el cabeza de familia: \u00abHab\u00e9is sufrido mucho; no es lo que os prometimos, pero estamos convencidos de haber cumplido con nuestro <strong>deber<\/strong>\u00bb.<\/p>\n<p>\u00abOs hemos pagado los colegios y el techo bajo el que viv\u00eds, y no os ha faltado un plato de comida. \u00bfQue os hemos<strong> recortado<\/strong> las pagas semanales, que no hay extraescolares este curso, que vuestras navidades pasaron de largo&#8230;? Pues creednos: ha merecido el esfuerzo. Hab\u00e9is hecho muchos <strong>sacrificio<\/strong>s y os podemos anticipar algunas buenas noticias de cara al pr\u00f3ximo a\u00f1o: si manten\u00e9is las notas por encima de ocho puede que recuper\u00e9is una parte de la asignaci\u00f3n mensual que os recortamos y si continu\u00e1is sin tener peloteras el uno con el otro os devolveremos los m\u00f3viles y contrataremos tarifa plana. Las cosas han empezado a enderezarse; vosotros todav\u00eda no lo pod\u00e9is apreciar, pero es as\u00ed; ha<strong>y buenas se\u00f1ales<\/strong>. Lo que necesitamos es que conserv\u00e9is la <strong>confianza<\/strong>\u00bb. \u00a1Plas!, \u00a1plas!, \u00a1plas!, \u00a1plas\u2019 aplaud\u00eda entregada la madre sus palabras apoyada sobre el fog\u00f3n.<\/p>\n<p>La oposici\u00f3n, sentada a la mesa, se manifest\u00f3 <strong>indignada<\/strong>. \u00ab\u00bfC\u00f3mo esperas que nos traguemos lo que dices? Apagamos las luces cuando son innecesarias, no malgastamos el agua caliente, cuidamos todo el material escolar para <strong>ahorrar<\/strong>, ni nos acordamos cu\u00e1ndo fue el \u00faltimo s\u00e1bado que fuimos al cine y en lugar de coger el autob\u00fas, vamos andando para evitar m\u00e1s gastos. Vosotros en cambio segu\u00eds utilizando dos coches, sal\u00eds a cenar y no abr\u00eds la boca cuando la abuela se gasta la pensi\u00f3n en el bingo\u00bb. Los chavales improvisaron una <strong>cacerolada<\/strong> en la cocina y exigieron el derecho a declararse como rep\u00fablica independiente dentro de su casa.<\/p>\n<p>La <strong>utop\u00eda<\/strong> dur\u00f3 poco. La madre, encargada de mantener el <strong>orden p\u00fablico<\/strong>, sac\u00f3 la mano a pasear. El padre ya no estaba.<\/p>\n","protected":false},"excerpt":{"rendered":"<p>&nbsp; Tom\u00f3 la palabra el cabeza de familia: \u00abHab\u00e9is sufrido mucho; no es lo que os prometimos, pero estamos convencidos de haber cumplido con nuestro deber\u00bb. \u00abOs hemos pagado los colegios y el techo bajo el que viv\u00eds, y no os ha faltado un plato de comida. \u00bfQue os hemos recortado las pagas semanales, que [&hellip;]<\/p>\n","protected":false},"author":35,"featured_media":0,"comment_status":"open","ping_status":"closed","sticky":false,"template":"","format":"standard","meta":[],"categories":[17],"tags":[35,80,224,238],"_links":{"self":[{"href":"https:\/\/blogs.larioja.com\/eltragablog\/wp-json\/wp\/v2\/posts\/80"}],"collection":[{"href":"https:\/\/blogs.larioja.com\/eltragablog\/wp-json\/wp\/v2\/posts"}],"about":[{"href":"https:\/\/blogs.larioja.com\/eltragablog\/wp-json\/wp\/v2\/types\/post"}],"author":[{"embeddable":true,"href":"https:\/\/blogs.larioja.com\/eltragablog\/wp-json\/wp\/v2\/users\/35"}],"replies":[{"embeddable":true,"href":"https:\/\/blogs.larioja.com\/eltragablog\/wp-json\/wp\/v2\/comments?post=80"}],"version-history":[{"count":0,"href":"https:\/\/blogs.larioja.com\/eltragablog\/wp-json\/wp\/v2\/posts\/80\/revisions"}],"wp:attachment":[{"href":"https:\/\/blogs.larioja.com\/eltragablog\/wp-json\/wp\/v2\/media?parent=80"}],"wp:term":[{"taxonomy":"category","embeddable":true,"href":"https:\/\/blogs.larioja.com\/eltragablog\/wp-json\/wp\/v2\/categories?post=80"},{"taxonomy":"post_tag","embeddable":true,"href":"https:\/\/blogs.larioja.com\/eltragablog\/wp-json\/wp\/v2\/tags?post=80"}],"curies":[{"name":"wp","href":"https:\/\/api.w.org\/{rel}","templated":true}]}}