{"id":82,"date":"2013-03-04T13:17:50","date_gmt":"2013-03-04T12:17:50","guid":{"rendered":"http:\/\/blogs.larioja.com\/eltragablog\/?p=82"},"modified":"2013-03-04T13:17:50","modified_gmt":"2013-03-04T12:17:50","slug":"bankia-borron-y-cuenta-nueva","status":"publish","type":"post","link":"https:\/\/blogs.larioja.com\/eltragablog\/2013\/03\/04\/bankia-borron-y-cuenta-nueva\/","title":{"rendered":"Bankia: borr\u00f3n y cuenta nueva"},"content":{"rendered":"<p>&nbsp;<\/p>\n<p>Jos\u00e9 Ignacio <strong>Goirigolzarri<\/strong> (Bilbao, 1954) no quiere volver la vista al pasado: \u00abNo aporta nada\u00bb. El presidente de la \u00abnueva <strong>Bankia<\/strong>\u00bb, como \u00e9l mismo la define, s\u00f3lo quiere \u00abmirar al futuro\u00bb. Asi lo dijo en una entrevista concedida a <strong>Diario LA RIOJA<\/strong> que se public\u00f3 en la edici\u00f3n del domingo: &#8220;No vine para analizar <strong>Caja Rioja<\/strong>; vine para ofrecer a los riojanos una Bankia excelente&#8221;.<\/p>\n<p>-\u00bfCu\u00e1l era el estado financiero de <strong>Caja Rioja<\/strong> en el momento de la integraci\u00f3n en BFA-Bankia?<br \/>\n-No tengo ni idea. Le explico. Cuando llegu\u00e9 a <strong>Bankia<\/strong> en mayo del a\u00f1o pasado no hice ning\u00fan an\u00e1lisis de cu\u00e1l era la situaci\u00f3n en cada una de las cajas. Recuerdo que en la primera o en la segunda reuni\u00f3n que tuve en esta casa reclam\u00e9 la informaci\u00f3n sobre los activos adjudicados y me entregaron una trasparencia en la que figuraban los datos desglosados por cajas. \u00abQue sea la \u00faltima vez que veo una cosa as\u00ed\u00bb, les dije. Yo <strong>no quiero saber nada de las cajas<\/strong>; yo lo que quiero es mirar al futuro. He vivido muchos procesos de <strong>fusi\u00f3n<\/strong> y, si quieres ser exitoso, lo que tienes que hacer es generar una <strong>cultura com\u00fan y \u00fanica<\/strong>. Todo lo que sea analizar el pasado no aporta nada. Mi misi\u00f3n no es empezar a examinar lo que hab\u00eda pasado dos a\u00f1os antes. Creo que los accionistas esperan de m\u00ed otra cosa.<\/p>\n<p>-Entender\u00e1, no obstante, el inter\u00e9s de la sociedad riojana por conocer esta informaci\u00f3n dado que Caja Rioja era la <a href=\"http:\/\/www.larioja.com\/v\/20121124\/rioja-region\/volver-empezar-20121124.html\">\u00fanica entidad ahorros de matriz riojana<\/a> y ha desaparecido hundida en un coloso con pies de barro.<br \/>\n-No conozco los n\u00fameros de Caja Rioja, pero tengo la impresi\u00f3n de que, efectivamente, era una buena entidad y estaba bien gestionada. Pero tambi\u00e9n pienso que cuando uno lo mira con perspectiva puede ver que hoy tiene la posibilidad de seguir siendo una <strong>buena entidad financiera<\/strong>, pero en un mundo m\u00e1s global que requiere entidades m\u00e1s fuertes. Y Bankia, hoy, realmente es una entidad tremendamente fuerte y solvente, y de lo que nosotros tenemos que ser capaces es, desde esta entidad tremendamente fuerte y solvente, dar un <strong>servicio excelente<\/strong> y muy cercano a los riojanos.<\/p>\n<p>-\u00bfCercano&#8230;?<br \/>\n-El <strong>tama\u00f1o<\/strong> aporta solidez y eficiencia, pero no tiene por qu\u00e9 generar lejan\u00eda. Al contrario, creo que el tama\u00f1o y la cercan\u00eda son compatibles. Cuando se habla de l<strong>a cercan\u00eda<\/strong> eso significa que tendremos que mejorar nuestros procesos en caso de que no sean suficientemente buenos en t\u00e9rminos de decisi\u00f3n de riesgo. Pero estoy convencido de que vamos a prestar un servicio excelente, incluso mejor al que prestaba la antigua caja. Ese es mi <strong>compromiso<\/strong>.<\/p>\n<p>-Evidentemente, Caja Rioja no pod\u00eda seguir operando en solitario. Sin embargo, y a la vista de la <strong>ca\u00edda del grupo<\/strong>, \u00bfsu integraci\u00f3n en este grupo fue un<strong> error<\/strong>? \u00bfHubiera sido aconsejable que se tanteasen otras <strong>alternativas<\/strong>?<br \/>\n-Bueno&#8230; Uno nunca sabe lo que fue un error o lo que no fue un error, porque las decisiones se toman cuando se toman y con la informaci\u00f3n de la que se dispone. Tampoco conozco cu\u00e1les eran las alternativas que Caja Rioja ten\u00eda en ese momento. Lo que me parece importante subrayar es que Caja Rioja est\u00e1 en Bankia y <strong>no hay ning\u00fan banco en Espa\u00f1a que sea m\u00e1s solvente y m\u00e1s l\u00edquido<\/strong> que nosotros. En ese entramado es en el que se encuentran los antiguos clientes de Caja Rioja.<\/p>\n<p>-\u00bfC\u00f3mo est\u00e1 siendo el comportamiento de Bankia en La Rioja desde que accedi\u00f3 a la presidencia?<br \/>\n-Los <strong>clientes<\/strong> de la antigua Caja Rioja han sido muy <strong>fieles<\/strong>. Por supuesto que notamos las turbulencias de mayo, \u00a1c\u00f3mo no las vamos a notar!, pero los clientes mostraron un alto nivel de fidelidad en ese proceso y en los \u00faltimos meses el fortalecimiento de la solvencia de Bankia ha estabilizado esas turbulencias. En realidad&#8230; \u00bfqu\u00e9 es un banco? Al final, un banco se concreta en una persona, que es la que te atiende. Y si t\u00fa tienes confianza en esa persona est\u00e1s cercano a tu entidad. En Caja Rioja se ha conseguido gracias a que cuenta con <strong>muy buenos profesionales<\/strong>.<\/p>\n<p>-Hablando de profesionales. \u00bfCu\u00e1ntos <strong>puestos de trabajo<\/strong> y <strong>oficinas<\/strong> desaparecer\u00e1n en La Rioja?<br \/>\n-Ese proceso no se ha iniciado todav\u00eda en su regi\u00f3n, as\u00ed que no le puedo dar cifras. S\u00ed que est\u00e1 en marcha en las comunidades de Madrid y de Valencia, y concluir\u00e1 el d\u00eda 31 de mayo. Progresivamente continuaremos en el resto de las regiones con el objetivo de que la reestructuraci\u00f3n est\u00e9 completada este a\u00f1o o, como mucho, a principios del 2014. Ahora lo que estamos haciendo es definir cu\u00e1les son las oficinas que se van a cerrar.<\/p>\n<p>-\u00bfQu\u00e9 variables est\u00e1n utilizando en el caso de la red en La Rioja?<br \/>\n-Los mismos criterios que en todos los sitios. Por un lado, tenemos que <strong>evitar los solapamiento<\/strong>s y, por otro, analizamos las <strong>caracter\u00edsticas de las oficinas<\/strong>: qu\u00e9 clientes tienen, cu\u00e1les son los niveles de rentabilidad y de liquidez, y cu\u00e1les son sus potenciales de cara al crecimiento futuro.<\/p>\n<p>-Supondr\u00e1, empero, la defunci\u00f3n del <strong>modelo tradicional<\/strong> seguido por las cajas de ahorros de <strong>&#8216;un pueblo, una oficina&#8217;<\/strong>. En otras palabras, m\u00e1xima capilaridad de red para llegar a todos los rincones de la regi\u00f3n&#8230;<br \/>\n-\u00bfUn pueblo, una oficina? No, no. Yo creo que ese modelo ya no exist\u00eda. No obstante, s\u00ed le digo que \u00e9sta es una cuesti\u00f3n que se me plante\u00f3 en La Rioja varias veces, cosa que me sorprendi\u00f3 al principio. En Bankia no tenemos una definici\u00f3n sobre cu\u00e1l debe ser la oficina tipo del banco. Por ejemplo, no valoramos si tiene que contar con cinco personas, de forma que se debieran cerrar las que tienen menos personal. No, eso no es as\u00ed. Nosotros lo que hacemos es adaptarnos a cada uno de los mercados. En La Rioja hay muchas oficinas con menos de cinco empleados. Y eso est\u00e1 bien, no hay ning\u00fan problema, porque tienen que estar m\u00e1s cercanas. As\u00ed que quede claro: nosotros <strong>no venimos con el troquel de un modelo concreto de oficina<\/strong>. \u00c9se es un error total. Insisto, nuestra intenci\u00f3n es <strong>adaptarnos al mercado riojano<\/strong>.<\/p>\n<p>\u00abMerece la pena luchar\u00bb<\/p>\n<p>-Una vez ajustada la plantilla, los trabajadores que se queden lo har\u00e1n asumiendo una rebaja importante de sus <strong>condiciones salariales y laborales<\/strong>. \u00bfNo teme una <strong>desmotivaci\u00f3n<\/strong>? \u00bfSe ha planteado que puede generarse este efecto?<br \/>\n-S\u00ed, claro. Por supuesto que uno lo puede valorar as\u00ed. Pero de la misma manera que no nos planteamos el ajuste como un descenso de seis mil empleos, sino como la forma de asegurar 14.500 puestos de trabajo. Adem\u00e1s, y desde el punto de vista de la motivaci\u00f3n, por supuesto que a nadie nos gusta tener menos retribuciones, pero entiendes perfectamente que est\u00e1s trabajando por la viabilidad de un <strong>proyecto emblem\u00e1tic<\/strong>o por el que <strong>merece la pena lucha<\/strong>r. Y cuando se ponen las dos cosas en la balanza estoy convencido de que la <strong>compensaci\u00f3n<\/strong> futura, de lo que significa el proyecto y de lo que significa de futuro profesional para las personas que se quedan, es muy superior a la otra.<\/p>\n<p>-\u00bfCu\u00e1l es el compromiso de Bankia con la <strong>econom\u00eda riojana<\/strong>?<br \/>\n-Tenemos bastante cerrado un plan espec\u00edfico para esta comunidad. No le hemos dado el \u00abhisopazo\u00bb todav\u00eda, pero se est\u00e1 trabajando en \u00e9l. La Rioja tiene unas caracter\u00edsticas muy singulares respecto a otras regiones. Quiero decir que tiene una combinaci\u00f3n muy importante de un mercado agrario notable con una capacidad industrial con empresas muy relevantes. Es una especie de \u00abmicrocosmos\u00bb que tiene un poco de todo y, precisamente por esa diversidad, creemos que desde Bankia podemos<strong> aportar cosas<\/strong>.<\/p>\n<p>-\u00bfTambi\u00e9n aportar\u00e1 Bankia a la obra social y cultural que desarrolla la <strong>Fundaci\u00f3n Caja Rioja<\/strong>?<br \/>\n-Sobre este tema me gustar\u00eda ser muy claro. Nosotros, dentro de nuestra actividad y de nuestras <strong>limitaciones<\/strong>, es decir, de que necesitamos generar beneficios, queremos desarrollar <strong>acciones de responsabilidad corporativa<\/strong> y estamos abiertos a <strong>colaborar<\/strong> con cualquier fundaci\u00f3n, muy en especial con las de las antiguas cajas. Dicho eso, aclaro que no vamos a entrar en las fundaciones.<\/p>\n<p>-Por su respuesta se puede deducir que Bankia no se plantea fijar convenios de colaboraci\u00f3n permanentes y renovables con la Fundaci\u00f3n Caja Rioja.<br \/>\n-Lo que vamos a hacer es <strong>analizar proyectos conjuntos<\/strong> en los que podamos trabajar y colaborar. Insisto, \u00e9sta es nuestra idea con todas las fundaciones vinculadas a las cajas de ahorros que dieron lugar al grupo. En el caso de Caja Rioja, lo que s\u00ed quiero se\u00f1alar es que la manera en la que ven\u00eda trabajando, y en la que va a seguir trabajando su fundaci\u00f3n, se adecua muy, muy bien a las caracter\u00edsticas que le queremos dar a la responsabilidad social corporativa de Bankia. En un doble sentido: por su gran incidencia en el mundo rural y por crear proyectos que siempre tienen participantes adicionales. Por ejemplo son excelentes colaborando con la Comisi\u00f3n Europea.<\/p>\n","protected":false},"excerpt":{"rendered":"<p>&nbsp; Jos\u00e9 Ignacio Goirigolzarri (Bilbao, 1954) no quiere volver la vista al pasado: \u00abNo aporta nada\u00bb. El presidente de la \u00abnueva Bankia\u00bb, como \u00e9l mismo la define, s\u00f3lo quiere \u00abmirar al futuro\u00bb. Asi lo dijo en una entrevista concedida a Diario LA RIOJA que se public\u00f3 en la edici\u00f3n del domingo: &#8220;No vine para analizar [&hellip;]<\/p>\n","protected":false},"author":35,"featured_media":0,"comment_status":"open","ping_status":"closed","sticky":false,"template":"","format":"standard","meta":[],"categories":[2],"tags":[46,54,135,136,144],"_links":{"self":[{"href":"https:\/\/blogs.larioja.com\/eltragablog\/wp-json\/wp\/v2\/posts\/82"}],"collection":[{"href":"https:\/\/blogs.larioja.com\/eltragablog\/wp-json\/wp\/v2\/posts"}],"about":[{"href":"https:\/\/blogs.larioja.com\/eltragablog\/wp-json\/wp\/v2\/types\/post"}],"author":[{"embeddable":true,"href":"https:\/\/blogs.larioja.com\/eltragablog\/wp-json\/wp\/v2\/users\/35"}],"replies":[{"embeddable":true,"href":"https:\/\/blogs.larioja.com\/eltragablog\/wp-json\/wp\/v2\/comments?post=82"}],"version-history":[{"count":0,"href":"https:\/\/blogs.larioja.com\/eltragablog\/wp-json\/wp\/v2\/posts\/82\/revisions"}],"wp:attachment":[{"href":"https:\/\/blogs.larioja.com\/eltragablog\/wp-json\/wp\/v2\/media?parent=82"}],"wp:term":[{"taxonomy":"category","embeddable":true,"href":"https:\/\/blogs.larioja.com\/eltragablog\/wp-json\/wp\/v2\/categories?post=82"},{"taxonomy":"post_tag","embeddable":true,"href":"https:\/\/blogs.larioja.com\/eltragablog\/wp-json\/wp\/v2\/tags?post=82"}],"curies":[{"name":"wp","href":"https:\/\/api.w.org\/{rel}","templated":true}]}}