{"id":88,"date":"2013-03-19T13:43:08","date_gmt":"2013-03-19T12:43:08","guid":{"rendered":"http:\/\/blogs.larioja.com\/eltragablog\/?p=88"},"modified":"2013-03-19T13:43:08","modified_gmt":"2013-03-19T12:43:08","slug":"la-sensacion-de-haber-fracasado-es-espantosa","status":"publish","type":"post","link":"https:\/\/blogs.larioja.com\/eltragablog\/2013\/03\/19\/la-sensacion-de-haber-fracasado-es-espantosa\/","title":{"rendered":"&#8220;La sensaci\u00f3n de haber fracasado es espantosa&#8221;"},"content":{"rendered":"<p>&nbsp;<\/p>\n<p>La <strong>familia<\/strong> Grillo \u00c1lvarez ejemplifica la terrible experiencia de mucho<strong>s inmigrantes<\/strong> que vuelven a sus pa\u00edses tras hacerse a\u00f1icos el \u00absue\u00f1o riojano\u00bb. Silvia y Gabriel atendieron mi llamada con suma amabilidad y desde aqu\u00ed quiero agradecerles a ambos que aceptasen compartir su historia conmigo y con todos los lectores de <strong>Diario LA RIOJA<\/strong>. El reportaje se public\u00f3 el pasado domingo. Ah\u00ed va:<\/p>\n<p>No pudieron m\u00e1s. Sin trabajo, <strong>embargados<\/strong>, con una <strong>ejecuci\u00f3n hipotecaria<\/strong> sobre sus hombros y sin ninguna esperanza de remontar, en navidades <strong>hicieron las maletas<\/strong> y el 13 de enero ya estaban de <strong>vuelta<\/strong> en <strong>Argentina<\/strong>, en concreto en Remedios de Escalada, municipio situado al sur de la provincia de Buenos Aires. Atr\u00e1s dejaban diez a\u00f1os de vida en Calahorra.<\/p>\n<p>El primero en llegar a <strong>La Rioja<\/strong> fue Gabriel Grillo, en el 2003. Vino directamente a La Rioja Baja donde ya resid\u00edan su hermana y su cu\u00f1ado. El padre de familia encontr\u00f3 \u00abr\u00e1pido\u00bb trabajo en \u00abuna agencia de coches\u00bb y en el 2004 pudo traer a su mujer, Silvia \u00c1lvarez, y a sus dos hijos: una beb\u00e9 de a\u00f1o y medio, y un muchachito de ocho a\u00f1os. Silvia comenz\u00f3 a trabajar en una gasolinera. Por fin, el sue\u00f1o de <strong>prosperar<\/strong> y de disfrutar de una vida mejor que les negaba su pa\u00eds comenzaba a cuajar.<\/p>\n<p><a href=\"\/eltragablog\/wp-content\/uploads\/sites\/32\/2013\/03\/argentinos2.jpeg\"><img loading=\"lazy\" class=\"alignright size-full wp-image-91\" title=\"argentinos\" src=\"\/eltragablog\/wp-content\/uploads\/sites\/32\/2013\/03\/argentinos2.jpeg\" alt=\"\" width=\"275\" height=\"183\" \/><\/a>Con la estabilidad de tener <strong>empleo<\/strong> los dos (Gabriel pas\u00f3 a trabajar en una empresa cer\u00e1mica y Silvia fue contratada en un supermercado) se pudieron comprar una <strong>vivienda<\/strong> por la que abonaban 500 euros al mes. Las<strong> cuotas<\/strong> se fueron encareciendo \u00aby terminamos pagando mil euros al mes\u00bb, explica Silvia en conversaci\u00f3n telef\u00f3nica con Diario LA RIOJA.<\/p>\n<p>Los <strong>problemas<\/strong> comenzaron hace tres a\u00f1os. Gabriel, que era voluntario en <strong>C\u00e1ritas<\/strong> desde su llegada a La Rioja<strong>, perdi\u00f3 el trabajo<\/strong> y \u00abempez\u00f3 a enviar curr\u00edculos a todos los sitios que &#8216;vos&#8217; puedas imaginar, pero todo estaba muy complicado\u00bb. \u00abCon mi sueldo era imposible pagar la <strong>hipoteca<\/strong> e intentamos hablar con el <strong>banco<\/strong>, pero no nos dieron ninguna posibilidad\u00bb, recuerda. <strong>Entregaron las llaves<\/strong> de su piso \u00absin esperar a que nos \u00absacaran\u00bb por orden judicial y, por suerte, encontramos a gente muy buena que nos ech\u00f3 una mano enorme\u00bb. As\u00ed fueron \u00abtirando, muy dif\u00edcilmente\u00bb, pues una parte de la n\u00f3mina de Silvia estaba embargada para resarcir la <strong>deuda<\/strong> contra\u00edda con el banco. As\u00ed que C\u00e1ritas, a la que hasta entonces hab\u00edan ayudado, pas\u00f3 a ayudarles a ellos: \u00abNos gusta m\u00e1s ayudar a que nos ayuden, pero&#8230;\u00bb<\/p>\n<p>La situaci\u00f3n, de por s\u00ed angustiosa, se torn\u00f3 insoportable a partir de agosto del a\u00f1o pasado. Silvia perdi\u00f3 el empleo y <strong>la decisi\u00f3n de volver<\/strong> a Argentina, \u00abdonde con mi mam\u00e1 no nos iba a faltar un plato de comida para nuestros hijos\u00bb, se precipit\u00f3.<\/p>\n<p>El sentimiento de <strong>fracaso<\/strong>, el amargor de volver de Espa\u00f1a con las <strong>manos vac\u00edas<\/strong> fue \u00abespantoso\u00bb. O no tan vac\u00edas&#8230; porque \u00abhemos conocido <strong>gente espectacular<\/strong>, gente muy <strong>afectuosa<\/strong>, gente <strong>incre\u00edble<\/strong>\u00bb. \u00abEso es lo que nos hemos llevado de La Rioja\u00bb, concluye agradecida en su despedida.<\/p>\n<p>&nbsp;<\/p>\n<p>&nbsp;<\/p>\n<p>&nbsp;<\/p>\n","protected":false},"excerpt":{"rendered":"<p>&nbsp; La familia Grillo \u00c1lvarez ejemplifica la terrible experiencia de muchos inmigrantes que vuelven a sus pa\u00edses tras hacerse a\u00f1icos el \u00absue\u00f1o riojano\u00bb. Silvia y Gabriel atendieron mi llamada con suma amabilidad y desde aqu\u00ed quiero agradecerles a ambos que aceptasen compartir su historia conmigo y con todos los lectores de Diario LA RIOJA. El [&hellip;]<\/p>\n","protected":false},"author":35,"featured_media":0,"comment_status":"open","ping_status":"closed","sticky":false,"template":"","format":"standard","meta":[],"categories":[12],"tags":[40,57,84,109,159,266,216,231,258],"_links":{"self":[{"href":"https:\/\/blogs.larioja.com\/eltragablog\/wp-json\/wp\/v2\/posts\/88"}],"collection":[{"href":"https:\/\/blogs.larioja.com\/eltragablog\/wp-json\/wp\/v2\/posts"}],"about":[{"href":"https:\/\/blogs.larioja.com\/eltragablog\/wp-json\/wp\/v2\/types\/post"}],"author":[{"embeddable":true,"href":"https:\/\/blogs.larioja.com\/eltragablog\/wp-json\/wp\/v2\/users\/35"}],"replies":[{"embeddable":true,"href":"https:\/\/blogs.larioja.com\/eltragablog\/wp-json\/wp\/v2\/comments?post=88"}],"version-history":[{"count":0,"href":"https:\/\/blogs.larioja.com\/eltragablog\/wp-json\/wp\/v2\/posts\/88\/revisions"}],"wp:attachment":[{"href":"https:\/\/blogs.larioja.com\/eltragablog\/wp-json\/wp\/v2\/media?parent=88"}],"wp:term":[{"taxonomy":"category","embeddable":true,"href":"https:\/\/blogs.larioja.com\/eltragablog\/wp-json\/wp\/v2\/categories?post=88"},{"taxonomy":"post_tag","embeddable":true,"href":"https:\/\/blogs.larioja.com\/eltragablog\/wp-json\/wp\/v2\/tags?post=88"}],"curies":[{"name":"wp","href":"https:\/\/api.w.org\/{rel}","templated":true}]}}