{"id":92,"date":"2013-03-21T12:18:46","date_gmt":"2013-03-21T11:18:46","guid":{"rendered":"http:\/\/blogs.larioja.com\/eltragablog\/?p=92"},"modified":"2013-03-21T12:18:46","modified_gmt":"2013-03-21T11:18:46","slug":"un-cura-de-pueblo","status":"publish","type":"post","link":"https:\/\/blogs.larioja.com\/eltragablog\/2013\/03\/21\/un-cura-de-pueblo\/","title":{"rendered":"Un cura de pueblo"},"content":{"rendered":"<p>&nbsp;<\/p>\n<p>S\u00e9 que nado contracorriente. Pero lo quiero decir. Me gusta <strong>Francisco<\/strong>. Me gusta, porque me gustan los <strong>curas<\/strong> de pueblo. Y yo veo al <strong>Papa<\/strong>, como un<strong> sacerdote<\/strong> que cuida entregadamente de sus feligreses s\u00f3lo que, en su caso, la <strong>parroquia<\/strong> que gu\u00eda desde hace poco m\u00e1s de una semana es el mundo entero.<\/p>\n<p>Por una vez, <strong>Argentina<\/strong> no nos ha expropiado. Por una vez, el pa\u00eds \u00abm\u00e1s europeo\u00bb de<strong> Hispanoam\u00e9rica<\/strong> \u2013como all\u00ed les gusta definirse para desmarcarse del resto del cono sur\u2013, nos regala la figura de un <strong>hombre de Dios<\/strong> que ha generado una expectaci\u00f3n especial en el <strong>pueblo de Dios<\/strong>.<\/p>\n<p>Si <a href=\"http:\/\/www.larioja.com\/rc\/20110501\/sociedad\/miles-peregrinos-reunen-para-201105010405.html\">Juan Pablo II<\/a> fue el Papa de los <strong>j\u00f3venes<\/strong> y el Papa <strong>misionero<\/strong> <a href=\"\/eltragablog\/wp-content\/uploads\/sites\/32\/2013\/03\/juan-pablo.jpeg\"><img loading=\"lazy\" class=\"alignright size-full wp-image-93\" title=\"juan pablo\" src=\"\/eltragablog\/wp-content\/uploads\/sites\/32\/2013\/03\/juan-pablo.jpeg\" alt=\"\" width=\"295\" height=\"171\" \/><\/a>que liber\u00f3 al sumo pont\u00edfice de los muros del <strong>Vaticano<\/strong>;  si <a href=\"http:\/\/www.larioja.com\/benedictoxvi\/luchador-ideas-201302261332.html\">Benedicto XVI<\/a><a href=\"\/eltragablog\/wp-content\/uploads\/sites\/32\/2013\/03\/benedicto.jpeg\"><img loading=\"lazy\" class=\"alignright size-full wp-image-95\" title=\"benedicto\" src=\"\/eltragablog\/wp-content\/uploads\/sites\/32\/2013\/03\/benedicto.jpeg\" alt=\"\" width=\"310\" height=\"162\" srcset=\"https:\/\/static-blogs.larioja.com\/wp-content\/uploads\/sites\/32\/2013\/03\/benedicto.jpeg 310w, https:\/\/static-blogs.larioja.com\/wp-content\/uploads\/sites\/32\/2013\/03\/benedicto-300x157.jpeg 300w\" sizes=\"(max-width: 310px) 100vw, 310px\" \/><\/a> fue el Papa <strong>intelectual<\/strong> que enriqueci\u00f3 la doctrina de la <strong>Iglesia<\/strong>, hoy existe la \u00edntima convicci\u00f3n entre los creyentes de que <a href=\"http:\/\/www.larioja.com\/v\/20130318\/cultura\/francisco-vuelve-atraer-multitudes-20130318.html\">Francisco<\/a> <a href=\"\/eltragablog\/wp-content\/uploads\/sites\/32\/2013\/03\/francisco1.jpeg\"><img loading=\"lazy\" class=\"alignright size-full wp-image-96\" title=\"francisco\" src=\"\/eltragablog\/wp-content\/uploads\/sites\/32\/2013\/03\/francisco1.jpeg\" alt=\"\" width=\"279\" height=\"181\" \/><\/a>ser\u00e1 el Papa que actualizar\u00e1 la instituci\u00f3n. El que, conservando los <strong>principios<\/strong> que rigen la Iglesia, ser\u00e1 capaz de orientar la <strong>transici\u00f3n<\/strong> pendiente al siglo XXI.<\/p>\n<p>No espero de Francisco una revoluci\u00f3n de fondo, pero s\u00ed de forma. Dir\u00e1 lo mismo que han dicho sus predecesores desde los tiempos de <strong>Pedro<\/strong>, pero con un lenguaje <strong>f\u00e1cil<\/strong> y <strong>sencillo<\/strong>. Su pontificado se puede anticipar provechoso en la consolidaci\u00f3n de la<strong> Fe<\/strong> porque lo ejercer\u00e1 de una forma estrechamente cercana con los <strong>fieles<\/strong>, sabedor de que son el pilar de sujeci\u00f3n de la Iglesia. El verdadero cemento armado que sostiene a la organizaci\u00f3n <strong>bimilenaria<\/strong>. Y, pese a quienes cuestionan su fortaleza f\u00edsica, o ponen un acento suspicaz sobre su edad, le presiento sobrado de <strong>br\u00edo<\/strong> para marcar el rumbo, dirigirlo y liderarlo.<\/p>\n<p>Estas son las <strong>esperanzas<\/strong> que deposito como <strong>cat\u00f3lica<\/strong> en el nuevo Papa. El <strong>siervo de Dios<\/strong> menos endiosado de los que ha conocido mi generaci\u00f3n.<\/p>\n","protected":false},"excerpt":{"rendered":"<p>&nbsp; S\u00e9 que nado contracorriente. Pero lo quiero decir. Me gusta Francisco. Me gusta, porque me gustan los curas de pueblo. Y yo veo al Papa, como un sacerdote que cuida entregadamente de sus feligreses s\u00f3lo que, en su caso, la parroquia que gu\u00eda desde hace poco m\u00e1s de una semana es el mundo entero. [&hellip;]<\/p>\n","protected":false},"author":35,"featured_media":0,"comment_status":"open","ping_status":"closed","sticky":false,"template":"","format":"standard","meta":[],"categories":[17],"tags":[48,63,130,150,165,194,237,255],"_links":{"self":[{"href":"https:\/\/blogs.larioja.com\/eltragablog\/wp-json\/wp\/v2\/posts\/92"}],"collection":[{"href":"https:\/\/blogs.larioja.com\/eltragablog\/wp-json\/wp\/v2\/posts"}],"about":[{"href":"https:\/\/blogs.larioja.com\/eltragablog\/wp-json\/wp\/v2\/types\/post"}],"author":[{"embeddable":true,"href":"https:\/\/blogs.larioja.com\/eltragablog\/wp-json\/wp\/v2\/users\/35"}],"replies":[{"embeddable":true,"href":"https:\/\/blogs.larioja.com\/eltragablog\/wp-json\/wp\/v2\/comments?post=92"}],"version-history":[{"count":0,"href":"https:\/\/blogs.larioja.com\/eltragablog\/wp-json\/wp\/v2\/posts\/92\/revisions"}],"wp:attachment":[{"href":"https:\/\/blogs.larioja.com\/eltragablog\/wp-json\/wp\/v2\/media?parent=92"}],"wp:term":[{"taxonomy":"category","embeddable":true,"href":"https:\/\/blogs.larioja.com\/eltragablog\/wp-json\/wp\/v2\/categories?post=92"},{"taxonomy":"post_tag","embeddable":true,"href":"https:\/\/blogs.larioja.com\/eltragablog\/wp-json\/wp\/v2\/tags?post=92"}],"curies":[{"name":"wp","href":"https:\/\/api.w.org\/{rel}","templated":true}]}}