{"id":97,"date":"2013-04-05T12:15:59","date_gmt":"2013-04-05T10:15:59","guid":{"rendered":"http:\/\/blogs.larioja.com\/eltragablog\/?p=97"},"modified":"2013-04-05T12:15:59","modified_gmt":"2013-04-05T10:15:59","slug":"ver-para-no-creer","status":"publish","type":"post","link":"https:\/\/blogs.larioja.com\/eltragablog\/2013\/04\/05\/ver-para-no-creer\/","title":{"rendered":"Ver para no creer"},"content":{"rendered":"<p>&nbsp;<\/p>\n<p>En su habitual <strong>comparecencia<\/strong> trimestral ante los medios de comunicaci\u00f3n para analizar la situaci\u00f3n de la <strong>Comunidad<\/strong>, el <strong>presidente<\/strong> del <strong>Gobierno riojano<\/strong> afirm\u00f3 hace una semana que observa <a href=\"http:\/\/www.larioja.com\/v\/20130328\/rioja-region\/sanz-atisba-signos-debiles-20130328.html\">\u00absignos de recuperaci\u00f3n econ\u00f3mica\u00bb<\/a>. D\u00e9biles a\u00fan, reconoci\u00f3, pero se\u00f1ales a fin de cuenta que le invitan a sostener que el final del 2013 supondr\u00e1 \u00abel inicio de una <strong>nueva etapa<\/strong>\u00bb.<\/p>\n<p>Lo que no se le puede negar a <strong>Pedro Sanz<\/strong> es su valent\u00eda. Osad\u00eda dir\u00e1n algunos. Ning\u00fan <strong>experto<\/strong> econ\u00f3mico y financiero se atreve en estos momentos a realizar un <strong>pron\u00f3stico<\/strong> ni para bien ni para mal de lo que est\u00e1 por venir. Han fallado el tiro m\u00e1s veces que las escopetas de feria, as\u00ed que prefieren examinar el pasado que vaticinar el <strong>futuro<\/strong>. M\u00e1s c\u00f3modo y seguro, menos comprometido y arriesgado.<\/p>\n<p>Sanz, sin embargo, se ha lanzado a una piscina semivac\u00eda, interpretando los <strong>indicadores macroecon\u00f3micos<\/strong> de la regi\u00f3n con una <strong>confianza<\/strong> que dif\u00edcilmente puede compartir la mayor\u00eda de la sociedad. A los <strong>ciudadanos<\/strong> no les conforma ni tranquiliza saber cu\u00e1ntos puntos estamos menos arruinados que la media nacional. Esos datos no llenan las ollas de patatas. Lo que les preocupa es que estamos <strong>empobrecidos<\/strong> y en peligro de perder las patatas&#8230; y hasta las ollas. Ya est\u00e1 ocurriendo. Si lo sabr\u00e1 <strong>C\u00e1ritas<\/strong>.<\/p>\n<p>As\u00ed que el <strong>optimismo<\/strong> del jefe del Ejecutivo regional resulta anacr\u00f3nico e ins\u00f3lito. Insultante dir\u00e1n otros. Colisiona brutalmente con el <strong>realismo<\/strong> que la ciudadan\u00eda razona en sus <strong>dificultades<\/strong> del d\u00eda a d\u00eda. Una <strong>objetividad<\/strong> de los acontecimientos que algunos intentan desde\u00f1ar confundi\u00e9ndola con pesimismo. No, en absoluto. No hay que esforzarse mucho, ni manosear alambicadamente los n\u00fameros hasta que arrojen la lectura apetecida. Es tan simple como <strong>abrir los ojos<\/strong> y <strong>querer ver<\/strong>.<\/p>\n<p>&nbsp;<\/p>\n<p><a href=\"\/eltragablog\/wp-content\/uploads\/sites\/32\/2013\/04\/SANZ-FESTIVAL-e1365156248849.jpg\"><img loading=\"lazy\" class=\"aligncenter size-full wp-image-98\" title=\"sfdp16f2.JPG\" src=\"\/eltragablog\/wp-content\/uploads\/sites\/32\/2013\/04\/SANZ-FESTIVAL-e1365156248849.jpg\" alt=\"\" width=\"600\" height=\"450\" srcset=\"https:\/\/static-blogs.larioja.com\/wp-content\/uploads\/sites\/32\/2013\/04\/SANZ-FESTIVAL-e1365156248849.jpg 600w, https:\/\/static-blogs.larioja.com\/wp-content\/uploads\/sites\/32\/2013\/04\/SANZ-FESTIVAL-e1365156248849-300x225.jpg 300w\" sizes=\"(max-width: 600px) 100vw, 600px\" \/><\/a><\/p>\n<p>&nbsp;<\/p>\n<p>La fotograf\u00eda que ilustra este post es de mi compa\u00f1era Mar\u00eda F\u00e9lez. Est\u00e1 datada en Pradej\u00f3n, en el a\u00f1o 2007, durante las fiestas de San Antonio. Pedro Sanz observa la elaboraci\u00f3n de una gigantesca tortilla de patatas.<\/p>\n","protected":false},"excerpt":{"rendered":"<p>&nbsp; En su habitual comparecencia trimestral ante los medios de comunicaci\u00f3n para analizar la situaci\u00f3n de la Comunidad, el presidente del Gobierno riojano afirm\u00f3 hace una semana que observa \u00absignos de recuperaci\u00f3n econ\u00f3mica\u00bb. D\u00e9biles a\u00fan, reconoci\u00f3, pero se\u00f1ales a fin de cuenta que le invitan a sostener que el final del 2013 supondr\u00e1 \u00abel inicio [&hellip;]<\/p>\n","protected":false},"author":35,"featured_media":0,"comment_status":"open","ping_status":"closed","sticky":false,"template":"","format":"standard","meta":[],"categories":[2],"tags":[51,80,84,143,200,222,225],"_links":{"self":[{"href":"https:\/\/blogs.larioja.com\/eltragablog\/wp-json\/wp\/v2\/posts\/97"}],"collection":[{"href":"https:\/\/blogs.larioja.com\/eltragablog\/wp-json\/wp\/v2\/posts"}],"about":[{"href":"https:\/\/blogs.larioja.com\/eltragablog\/wp-json\/wp\/v2\/types\/post"}],"author":[{"embeddable":true,"href":"https:\/\/blogs.larioja.com\/eltragablog\/wp-json\/wp\/v2\/users\/35"}],"replies":[{"embeddable":true,"href":"https:\/\/blogs.larioja.com\/eltragablog\/wp-json\/wp\/v2\/comments?post=97"}],"version-history":[{"count":0,"href":"https:\/\/blogs.larioja.com\/eltragablog\/wp-json\/wp\/v2\/posts\/97\/revisions"}],"wp:attachment":[{"href":"https:\/\/blogs.larioja.com\/eltragablog\/wp-json\/wp\/v2\/media?parent=97"}],"wp:term":[{"taxonomy":"category","embeddable":true,"href":"https:\/\/blogs.larioja.com\/eltragablog\/wp-json\/wp\/v2\/categories?post=97"},{"taxonomy":"post_tag","embeddable":true,"href":"https:\/\/blogs.larioja.com\/eltragablog\/wp-json\/wp\/v2\/tags?post=97"}],"curies":[{"name":"wp","href":"https:\/\/api.w.org\/{rel}","templated":true}]}}