{"id":2440,"date":"2021-05-01T07:00:21","date_gmt":"2021-05-01T05:00:21","guid":{"rendered":"https:\/\/blogs.larioja.com\/entrevisillos\/?p=2440"},"modified":"2021-04-30T18:21:50","modified_gmt":"2021-04-30T16:21:50","slug":"libertad","status":"publish","type":"post","link":"https:\/\/blogs.larioja.com\/entrevisillos\/2021\/05\/01\/libertad\/","title":{"rendered":"Libertad"},"content":{"rendered":"<p><strong>Resulta que ha llegado Isabel D\u00edaz Ayuso y nos ha ense\u00f1ado que la libertad no es un concepto complejo como dicen los aburridos fil\u00f3sofos que no saben sino complicar las cosas. La libertad, se\u00f1oras y se\u00f1ores, consiste en poder tomarse ca\u00f1as en una terraza de Madrid. Algo tan sencillo y siglos sin descubrirlo. Para qu\u00e9 nos vamos a romper la cabeza enred\u00e1ndolo todo con reflexiones tediosas. Y adem\u00e1s, si la libertad va unida a la igualdad desde la primera Declaraci\u00f3n de Derechos de 1789, la receta de Ayuso para hacerlas efectivas es la bomba: &#8220;en Madrid ricos y pobres nos entendemos en la terraza de un bar&#8221;. Ya ven que f\u00e1cil se arregla todo porque en la terraza del bar el pobre y el rico son iguales. Ambos pueden pedir la cerveza que quieran salvo que uno sea el camarero. <\/strong><\/p>\n<p><strong>La teor\u00eda de Ayuso en La Rioja ser\u00eda: \u00a1Qu\u00e9 chorra m\u00e1s da ser rico que pobre! P\u00e1same la copa de vino y adi\u00f3s problemas. Luego se van a su casa y all\u00e1 se las componga el pobre, que las penas con vino son menos penas. <\/strong><br \/>\n<strong>Estas ideas para mejorar el mundo que defiende Ayuso les encantan a muchos y con este programa va a ganar las elecciones pero a m\u00ed me inquietan. La escalada de tensi\u00f3n y enfrentamiento caracterizan la campa\u00f1a electoral de Madrid que irradia al resto de Espa\u00f1a. El debate ha quedado enmarcado en tal nivel de pobreza argumental y en tal desprecio hacia los problemas reales de la gente que empieza asustarme.<\/strong><\/p>\n<p><strong>No se habla de la desigualdad que est\u00e1 profundizando la pandemia, de la angustia de quienes han perdido el empleo, de la soledad del anciano, de la desesperanza vital de nuestros j\u00f3venes y de tantas cosas importantes que se ocultan tras las simplezas, los insultos y las chuler\u00edas de quienes no tienen m\u00e1s programa que su soberbia. Creo que nuestra democracia, garant\u00eda de nuestras libertades, aguantar\u00e1 los embates de tanto desprop\u00f3sito pero en este pa\u00eds se est\u00e1n frivolizando demasiado las cosas con una irresponsabilidad insoportable. En plena pandemia mientras sanitarios, voluntarios y dem\u00e1s servicios esenciales (que lo son todos) se esfuerzan por combatirla, en el foro pol\u00edtico solo crece el odio y la intolerancia.<\/strong><\/p>\n<p><strong>Se banaliza la libertad, se niega la desigualdad, se disculpa y alienta la violencia, se generaliza y aplaude el insulto, se fomenta el enfrentamiento, se denigra a las personas y se tolera lo intolerable poniendo en riesgo la convivencia. Es peligroso despreciar la racionalidad mientras se excitan las emociones m\u00e1s primarias, las \u00faltimas amenazas son la prueba. Si esta bochornosa escalada no se frena cualquier d\u00eda nos llevaremos un disgusto. El rencor y la arrogancia ya han prendido la hoguera. Hay mucho pir\u00f3mano disfrazado de bombero y demasiados echadores de culpas incapaces de criticarse a s\u00ed mismos. Esta locura irracional debe parar antes de que nos devore.<\/strong><\/p>\n","protected":false},"excerpt":{"rendered":"<p>Resulta que ha llegado Isabel D\u00edaz Ayuso y nos ha ense\u00f1ado que la libertad no es un concepto complejo como dicen los aburridos fil\u00f3sofos que no saben sino complicar las cosas. La libertad, se\u00f1oras y se\u00f1ores, consiste en poder tomarse ca\u00f1as en una terraza de Madrid. Algo tan sencillo y siglos sin descubrirlo. Para qu\u00e9 [&hellip;]<\/p>\n","protected":false},"author":28,"featured_media":2441,"comment_status":"open","ping_status":"open","sticky":false,"template":"","format":"standard","meta":[],"categories":[1],"tags":[2062,1241,294,1713,1955,663,875,1693,2061,1149],"_links":{"self":[{"href":"https:\/\/blogs.larioja.com\/entrevisillos\/wp-json\/wp\/v2\/posts\/2440"}],"collection":[{"href":"https:\/\/blogs.larioja.com\/entrevisillos\/wp-json\/wp\/v2\/posts"}],"about":[{"href":"https:\/\/blogs.larioja.com\/entrevisillos\/wp-json\/wp\/v2\/types\/post"}],"author":[{"embeddable":true,"href":"https:\/\/blogs.larioja.com\/entrevisillos\/wp-json\/wp\/v2\/users\/28"}],"replies":[{"embeddable":true,"href":"https:\/\/blogs.larioja.com\/entrevisillos\/wp-json\/wp\/v2\/comments?post=2440"}],"version-history":[{"count":2,"href":"https:\/\/blogs.larioja.com\/entrevisillos\/wp-json\/wp\/v2\/posts\/2440\/revisions"}],"predecessor-version":[{"id":2443,"href":"https:\/\/blogs.larioja.com\/entrevisillos\/wp-json\/wp\/v2\/posts\/2440\/revisions\/2443"}],"wp:featuredmedia":[{"embeddable":true,"href":"https:\/\/blogs.larioja.com\/entrevisillos\/wp-json\/wp\/v2\/media\/2441"}],"wp:attachment":[{"href":"https:\/\/blogs.larioja.com\/entrevisillos\/wp-json\/wp\/v2\/media?parent=2440"}],"wp:term":[{"taxonomy":"category","embeddable":true,"href":"https:\/\/blogs.larioja.com\/entrevisillos\/wp-json\/wp\/v2\/categories?post=2440"},{"taxonomy":"post_tag","embeddable":true,"href":"https:\/\/blogs.larioja.com\/entrevisillos\/wp-json\/wp\/v2\/tags?post=2440"}],"curies":[{"name":"wp","href":"https:\/\/api.w.org\/{rel}","templated":true}]}}