{"id":2453,"date":"2021-05-21T23:34:11","date_gmt":"2021-05-21T21:34:11","guid":{"rendered":"https:\/\/blogs.larioja.com\/entrevisillos\/?p=2453"},"modified":"2021-05-21T23:34:11","modified_gmt":"2021-05-21T21:34:11","slug":"invasores","status":"publish","type":"post","link":"https:\/\/blogs.larioja.com\/entrevisillos\/2021\/05\/21\/invasores\/","title":{"rendered":"Invasores"},"content":{"rendered":"<p><strong>Que cierto es que al contemplar algo no todos vemos lo mismo. La crisis humanitaria que se ha producido en Ceuta lo demuestra. Mohamed VI gobierna un estado no democr\u00e1tico y ha inventado una estratagema para poner contra las cuerdas al estado democr\u00e1tico de Espa\u00f1a. Un desaf\u00edo para el que, sin dudar, ha utilizado la desesperaci\u00f3n de su propio pueblo. Ha lanzando a los m\u00e1s vulnerables a la aventura de perder la vida para tratar de ganar un futuro que \u00e9l les niega. Todo le sirve para desafiar a su vecino. Los escr\u00fapulos morales no son se\u00f1a de identidad de las pr\u00e1cticas pol\u00edticas de Mohamed VI. Su acci\u00f3n contra Espa\u00f1a utiliza propaganda de bajo coste porque las vidas de sus ciudadanos, m\u00e1s bien s\u00fabditos, le importan un pito igual que la pobreza que les empuja a huir de su propio pa\u00eds.<\/strong><\/p>\n<p><strong>Marruecos busca el reconocimiento internacional de su soberan\u00eda sobre el S\u00e1hara Occidental, un territorio que la pasividad del gobierno de un general Franco moribundo le permiti\u00f3 ocupar contra la voluntad de los saharauis. Desde entonces explota todos sus recursos, incluidos los bancos de pesca. Desde que Trump reconoci\u00f3 esa soberan\u00eda, minutos antes de abandonar la Casa Blanca, era claro que algo iba a pasar. La ayuda m\u00e9dica prestada en Logro\u00f1o al jefe del Frente Polisario ha sido la excusa para no soltar la presa. Un suma y sigue de tensiones desde 1975.<\/strong><\/p>\n<p><strong>El martes, en plena crisis en El Tarajal, recib\u00ed varios mensajes contando que nuestra patria estaba siendo invadida, asaltados los comercios y las viviendas de Ceuta, forzados veh\u00edculos y colocadas banderas de Marruecos en los edificios. Asombrada acud\u00ed a internet pero solo encontr\u00e9 guardias civiles rescatando ni\u00f1os y adolescentes, voluntarios de la Cruz Roja prestando auxilio a j\u00f3venes extenuados y a soldados ayudando a alcanzar la orilla a otros seres humanos ateridos de hipotermia. Nunca vi que los invasores tomaran la patria ajena sin m\u00e1s armas que sus sue\u00f1os ni m\u00e1s material b\u00e9lico que flotadores de juguete y beb\u00e9s a la espalda. Nunca vi, ni en las pel\u00edculas, que los conquistadores fueran auxiliados por los conquistados para no morir en el intento de sobrevivir. Que cada cual vea lo que quiera, pero nunca vi una invasi\u00f3n como esta ni tanta maldad en quienes difunden mensajes que en vez de fortalecernos como naci\u00f3n nos debilitan ante la comunidad internacional. Nuestras fronteras y las de Europa siguen intactas y en la playa del Tarajal solo hay decepci\u00f3n y tristeza como en el resto de Espa\u00f1a que observa la ausencia de unidad pol\u00edtica ante una bravuconada del rey de Marruecos.<\/strong><\/p>\n<p><strong>Solo reconfortan los gestos de humanidad que hemos visto como el del guardia civil salvando a un beb\u00e9 o el abrazo de la voluntaria de Cruz Roja a un inmigrante que no puede contener el llanto. Tambi\u00e9n pienso en esos ni\u00f1os que han regresado a casa y que contar\u00e1n a sus nietos que un d\u00eda nadaron hasta desfallecer buscando una esperanza.<\/strong><\/p>\n<p><a href=\"https:\/\/static-blogs.larioja.com\/wp-content\/uploads\/sites\/25\/2021\/05\/Voluntaria-Cruz-Roja.jpeg\"><img loading=\"lazy\" class=\"wp-image-2456 aligncenter\" src=\"https:\/\/static-blogs.larioja.com\/wp-content\/uploads\/sites\/25\/2021\/05\/Voluntaria-Cruz-Roja.jpeg\" alt=\"\" width=\"701\" height=\"411\" srcset=\"https:\/\/static-blogs.larioja.com\/wp-content\/uploads\/sites\/25\/2021\/05\/Voluntaria-Cruz-Roja.jpeg 800w, https:\/\/static-blogs.larioja.com\/wp-content\/uploads\/sites\/25\/2021\/05\/Voluntaria-Cruz-Roja-300x176.jpeg 300w, https:\/\/static-blogs.larioja.com\/wp-content\/uploads\/sites\/25\/2021\/05\/Voluntaria-Cruz-Roja-768x450.jpeg 768w\" sizes=\"(max-width: 701px) 100vw, 701px\" \/><\/a><\/p>\n","protected":false},"excerpt":{"rendered":"<p>Que cierto es que al contemplar algo no todos vemos lo mismo. La crisis humanitaria que se ha producido en Ceuta lo demuestra. Mohamed VI gobierna un estado no democr\u00e1tico y ha inventado una estratagema para poner contra las cuerdas al estado democr\u00e1tico de Espa\u00f1a. Un desaf\u00edo para el que, sin dudar, ha utilizado la [&hellip;]<\/p>\n","protected":false},"author":28,"featured_media":2454,"comment_status":"open","ping_status":"open","sticky":false,"template":"","format":"standard","meta":[],"categories":[1],"tags":[175,2076,2078,1651,2075,711,2080,2079,2077],"_links":{"self":[{"href":"https:\/\/blogs.larioja.com\/entrevisillos\/wp-json\/wp\/v2\/posts\/2453"}],"collection":[{"href":"https:\/\/blogs.larioja.com\/entrevisillos\/wp-json\/wp\/v2\/posts"}],"about":[{"href":"https:\/\/blogs.larioja.com\/entrevisillos\/wp-json\/wp\/v2\/types\/post"}],"author":[{"embeddable":true,"href":"https:\/\/blogs.larioja.com\/entrevisillos\/wp-json\/wp\/v2\/users\/28"}],"replies":[{"embeddable":true,"href":"https:\/\/blogs.larioja.com\/entrevisillos\/wp-json\/wp\/v2\/comments?post=2453"}],"version-history":[{"count":2,"href":"https:\/\/blogs.larioja.com\/entrevisillos\/wp-json\/wp\/v2\/posts\/2453\/revisions"}],"predecessor-version":[{"id":2457,"href":"https:\/\/blogs.larioja.com\/entrevisillos\/wp-json\/wp\/v2\/posts\/2453\/revisions\/2457"}],"wp:featuredmedia":[{"embeddable":true,"href":"https:\/\/blogs.larioja.com\/entrevisillos\/wp-json\/wp\/v2\/media\/2454"}],"wp:attachment":[{"href":"https:\/\/blogs.larioja.com\/entrevisillos\/wp-json\/wp\/v2\/media?parent=2453"}],"wp:term":[{"taxonomy":"category","embeddable":true,"href":"https:\/\/blogs.larioja.com\/entrevisillos\/wp-json\/wp\/v2\/categories?post=2453"},{"taxonomy":"post_tag","embeddable":true,"href":"https:\/\/blogs.larioja.com\/entrevisillos\/wp-json\/wp\/v2\/tags?post=2453"}],"curies":[{"name":"wp","href":"https:\/\/api.w.org\/{rel}","templated":true}]}}