{"id":2473,"date":"2021-06-19T07:00:13","date_gmt":"2021-06-19T05:00:13","guid":{"rendered":"https:\/\/blogs.larioja.com\/entrevisillos\/?p=2473"},"modified":"2021-06-19T16:42:34","modified_gmt":"2021-06-19T14:42:34","slug":"eclipse-en-colon","status":"publish","type":"post","link":"https:\/\/blogs.larioja.com\/entrevisillos\/2021\/06\/19\/eclipse-en-colon\/","title":{"rendered":"Eclipse en Col\u00f3n"},"content":{"rendered":"<p><strong>El 10 de junio hubo un eclipse parcial pero el que se produjo en la manifestaci\u00f3n de Col\u00f3n de Madrid fue total. Rosa D\u00edez, nuevo sat\u00e9lite de la derecha espa\u00f1ola, grit\u00f3 apocalipsis sin cuento para la Espa\u00f1a venidera. Denunci\u00f3 supuestas violaciones constitucionales si se indulta a los presos independentistas y hecatombes democr\u00e1ticas si S\u00e1nchez ignoraba la voz de los espa\u00f1oles decentes. Lo que significa que los que no piensan como ella son indecentes. Debe haber millones dado su hundimiento electoral. Do\u00f1a Rosa anda haciendo m\u00e9ritos a golpe de meg\u00e1fono. Lo cierto es que S\u00e1nchez tiene que escuchar a los que fueron a Col\u00f3n y a los que no lo hicieron pero, sobre todo, tiene que frenar al independentismo creciente que hered\u00f3 de Rajoy. Gritar es muy saludable para soltar adrenalina y no vulnera la Constituci\u00f3n pero no est\u00e1 demostrada su eficacia para resolver asuntos de estado.<\/strong><\/p>\n<p><strong>No me entusiasma esta medida de gracia como tampoco me gust\u00f3 el indulto en 1988 del general Armada, condenado a 30 a\u00f1os por rebeli\u00f3n en el golpe de estado del 23-F, pero lo acept\u00e9, como ahora, en aras de la convivencia. De bronca en bronca no creo que lleguemos lejos. No estar en contra no significa estar a favor sino aceptar que puede ser necesario. Si, con el tiempo, el n\u00famero de independentistas irredentos disminuye habr\u00e1 merecido la pena pero eso hoy nadie lo sabe. Este camino no se ha recorrido, el otro s\u00ed. Quiz\u00e1 no soy una espa\u00f1ola decente sino una traidora a mi patria. Lo cierto es que vivimos en una Espa\u00f1a tan subida de tono que hace bueno el aforismo machadiano de que aqu\u00ed \u201cde diez cabezas, nueve embisten y una piensa\u201d.<\/strong><\/p>\n<p><strong>En Col\u00f3n, tanto Rosa D\u00edez como los liderazgos de Casado, Arrimadas y Abascal quedaron totalmente eclipsados en el preciso instante en el que apareci\u00f3 Isabel D\u00edaz Ayuso dando imagen y voz a la cita antigubernamental. Ella aspira a ser el sol de la nueva constelaci\u00f3n pol\u00edtica de la derecha espa\u00f1ola y no hay duda de que ilumin\u00f3 la plaza de Col\u00f3n en cuanto abri\u00f3 la boca y puso a Felipe VI contra las cuerdas al preguntarle, sin ret\u00f3rica alguna: \u00bfQu\u00e9 va a hacer el Rey de Espa\u00f1a, va a firmar esos indultos? Sabiendo las funciones del monarca a algunos se les petrific\u00f3 la sonrisa, la nueva estrella que ilumina el firmamento de todas las derechas les hab\u00eda metido en un jard\u00edn a sabiendas de lo que hac\u00eda. Isabel, como el vizconde Valmont (<em>Las amistades peligrosas<\/em>), solo habla una vez calculado el da\u00f1o que puede hacer. Dej\u00f3 a todos los l\u00edderes presentes bajo los adoquines de la plaza. Nadie hab\u00eda osado interpelar al Rey en un territorio supuestamente mon\u00e1rquico y constitucional. Dividido el pa\u00eds entre buenos y malos espa\u00f1oles se juega con fuego al ignorar el contenido convivencial y tolerante de una Constituci\u00f3n que es de todos los espa\u00f1oles, incluidos aquellos que no quieren serlo.<\/strong><\/p>\n","protected":false},"excerpt":{"rendered":"<p>El 10 de junio hubo un eclipse parcial pero el que se produjo en la manifestaci\u00f3n de Col\u00f3n de Madrid fue total. Rosa D\u00edez, nuevo sat\u00e9lite de la derecha espa\u00f1ola, grit\u00f3 apocalipsis sin cuento para la Espa\u00f1a venidera. Denunci\u00f3 supuestas violaciones constitucionales si se indulta a los presos independentistas y hecatombes democr\u00e1ticas si S\u00e1nchez ignoraba [&hellip;]<\/p>\n","protected":false},"author":28,"featured_media":2475,"comment_status":"open","ping_status":"open","sticky":false,"template":"","format":"standard","meta":[],"categories":[1],"tags":[1982,1954,2092,1928,1430,2093,2090,592,2094,1758,2096,2095],"_links":{"self":[{"href":"https:\/\/blogs.larioja.com\/entrevisillos\/wp-json\/wp\/v2\/posts\/2473"}],"collection":[{"href":"https:\/\/blogs.larioja.com\/entrevisillos\/wp-json\/wp\/v2\/posts"}],"about":[{"href":"https:\/\/blogs.larioja.com\/entrevisillos\/wp-json\/wp\/v2\/types\/post"}],"author":[{"embeddable":true,"href":"https:\/\/blogs.larioja.com\/entrevisillos\/wp-json\/wp\/v2\/users\/28"}],"replies":[{"embeddable":true,"href":"https:\/\/blogs.larioja.com\/entrevisillos\/wp-json\/wp\/v2\/comments?post=2473"}],"version-history":[{"count":1,"href":"https:\/\/blogs.larioja.com\/entrevisillos\/wp-json\/wp\/v2\/posts\/2473\/revisions"}],"predecessor-version":[{"id":2474,"href":"https:\/\/blogs.larioja.com\/entrevisillos\/wp-json\/wp\/v2\/posts\/2473\/revisions\/2474"}],"wp:featuredmedia":[{"embeddable":true,"href":"https:\/\/blogs.larioja.com\/entrevisillos\/wp-json\/wp\/v2\/media\/2475"}],"wp:attachment":[{"href":"https:\/\/blogs.larioja.com\/entrevisillos\/wp-json\/wp\/v2\/media?parent=2473"}],"wp:term":[{"taxonomy":"category","embeddable":true,"href":"https:\/\/blogs.larioja.com\/entrevisillos\/wp-json\/wp\/v2\/categories?post=2473"},{"taxonomy":"post_tag","embeddable":true,"href":"https:\/\/blogs.larioja.com\/entrevisillos\/wp-json\/wp\/v2\/tags?post=2473"}],"curies":[{"name":"wp","href":"https:\/\/api.w.org\/{rel}","templated":true}]}}