{"id":2492,"date":"2021-07-24T06:55:15","date_gmt":"2021-07-24T04:55:15","guid":{"rendered":"https:\/\/blogs.larioja.com\/entrevisillos\/?p=2492"},"modified":"2021-07-23T19:56:23","modified_gmt":"2021-07-23T17:56:23","slug":"el-desastre","status":"publish","type":"post","link":"https:\/\/blogs.larioja.com\/entrevisillos\/2021\/07\/24\/el-desastre\/","title":{"rendered":"El Desastre"},"content":{"rendered":"<p><strong>En este pa\u00eds se exigen responsabilidades a los dem\u00e1s pero nadie asume las propias. En pol\u00edtica hay esc\u00e1ndalos, corrupciones variadas y otras miserias c\u00edclicamente repetidas que quedan en nada o naufragan en el olvido. Espa\u00f1a padece desde anta\u00f1o una epidemia que se llama amnesia y que cubre la ci\u00e9naga que corrompe el sistema. El punto \u00e1lgido se manifiesta cuando el pol\u00edtico atrapado en corruptelas nada recuerda ni conoce a nadie. Del rey abajo, ninguno se libra de padecerla. Al pueblo llano se le suministran nuevos esc\u00e1ndalos que tapen los anteriores y as\u00ed avanza la rueda.<\/strong><\/p>\n<p><strong>Un desgraciado suceso ocurrido hace cien a\u00f1os ilustra c\u00f3mo la enfermedad del olvido es end\u00e9mica en esta Espa\u00f1a nuestra. El 22 de julio de 1921 m\u00e1s de 12.000 soldados espa\u00f1oles perdieron sus vidas en territorio del Rif, en el protectorado espa\u00f1ol en \u00c1frica bajo el mando del general D\u00e1maso Berenguer. Todav\u00eda hoy se desconoce el n\u00famero real de fallecidos en el Desastre de Annual. Lo que s\u00ed sabemos es que nuestro ej\u00e9rcito sucumbi\u00f3 ante las improvisadas huestes de Abd-el-Krim. Una humillante derrota de la que nadie se hizo responsable. Nuestros soldados lucharon acantonados en posiciones inseguras, carentes de agua en un territorio des\u00e9rtico, defendidas con parapetos de sacos terreros podridos. Soldados en alpargatas, con material deteriorado y sin v\u00edas de suministro tuvieron que beber sus propios orines antes de morir. Una retirada deshonrosa de la que algunos oficiales huyeron arrancando sus galones. El general Fern\u00e1ndez Silvestre se suicid\u00f3 o se dej\u00f3 matar al comprender la temeridad que hab\u00eda cometido obstin\u00e1ndose en un avance incierto para cumplir la promesa hecha a Alfonso XIII de llegar a Alhucemas en julio.<\/strong><\/p>\n<p><strong>La cat\u00e1strofe puso de manifiesto la corrupci\u00f3n en el ej\u00e9rcito y las condiciones en las que nuestros j\u00f3venes viv\u00edan los tres a\u00f1os de servicio obligatorio si no pod\u00edan librarse con dinero. Ante la magnitud del esc\u00e1ndalo cay\u00f3 el gobierno de Allendesalazar que encarg\u00f3 esclarecer las responsabilidades al general Picasso. Su informe, pese a las limitaciones impuestas para proteger a Berenguer y al Rey, resulta estremecedor para cualquier espa\u00f1ol. Dice Raymond Carr que Alfonso XIII sufri\u00f3 &#8220;un ataque de antiparlamentarismo&#8221;. La soluci\u00f3n fue el golpe militar del general Primo de Rivera y el cierre del Parlamento. El general Berenguer, condenado por negligencia, fue amnistiado por el Rey. A\u00f1os despu\u00e9s lo nombrar\u00eda presidente del gobierno. El expediente Picasso y la asunci\u00f3n de responsabilidades quedaron encerrados en el armario del olvido como los miles de soldados muertos. La sangre derramada dej\u00f3 al descubierto miserias y cobard\u00edas. Quienes se preguntan por qu\u00e9 cay\u00f3 la monarqu\u00eda pueden anotar este antecedente. Ya ven, la factura pol\u00edtica, tarde o temprano, se paga incluso en Espa\u00f1a.<\/strong><\/p>\n<p>Fotograf\u00eda: Recogida de cad\u00e1veres en Monte Arruit. 1921<\/p>\n","protected":false},"excerpt":{"rendered":"<p>En este pa\u00eds se exigen responsabilidades a los dem\u00e1s pero nadie asume las propias. En pol\u00edtica hay esc\u00e1ndalos, corrupciones variadas y otras miserias c\u00edclicamente repetidas que quedan en nada o naufragan en el olvido. Espa\u00f1a padece desde anta\u00f1o una epidemia que se llama amnesia y que cubre la ci\u00e9naga que corrompe el sistema. El punto [&hellip;]<\/p>\n","protected":false},"author":28,"featured_media":2494,"comment_status":"open","ping_status":"open","sticky":false,"template":"","format":"standard","meta":[],"categories":[1],"tags":[2126,42,2123,2121,2122,2127,2128,2125,753,2124],"_links":{"self":[{"href":"https:\/\/blogs.larioja.com\/entrevisillos\/wp-json\/wp\/v2\/posts\/2492"}],"collection":[{"href":"https:\/\/blogs.larioja.com\/entrevisillos\/wp-json\/wp\/v2\/posts"}],"about":[{"href":"https:\/\/blogs.larioja.com\/entrevisillos\/wp-json\/wp\/v2\/types\/post"}],"author":[{"embeddable":true,"href":"https:\/\/blogs.larioja.com\/entrevisillos\/wp-json\/wp\/v2\/users\/28"}],"replies":[{"embeddable":true,"href":"https:\/\/blogs.larioja.com\/entrevisillos\/wp-json\/wp\/v2\/comments?post=2492"}],"version-history":[{"count":2,"href":"https:\/\/blogs.larioja.com\/entrevisillos\/wp-json\/wp\/v2\/posts\/2492\/revisions"}],"predecessor-version":[{"id":2495,"href":"https:\/\/blogs.larioja.com\/entrevisillos\/wp-json\/wp\/v2\/posts\/2492\/revisions\/2495"}],"wp:featuredmedia":[{"embeddable":true,"href":"https:\/\/blogs.larioja.com\/entrevisillos\/wp-json\/wp\/v2\/media\/2494"}],"wp:attachment":[{"href":"https:\/\/blogs.larioja.com\/entrevisillos\/wp-json\/wp\/v2\/media?parent=2492"}],"wp:term":[{"taxonomy":"category","embeddable":true,"href":"https:\/\/blogs.larioja.com\/entrevisillos\/wp-json\/wp\/v2\/categories?post=2492"},{"taxonomy":"post_tag","embeddable":true,"href":"https:\/\/blogs.larioja.com\/entrevisillos\/wp-json\/wp\/v2\/tags?post=2492"}],"curies":[{"name":"wp","href":"https:\/\/api.w.org\/{rel}","templated":true}]}}