{"id":2515,"date":"2021-08-21T07:00:22","date_gmt":"2021-08-21T05:00:22","guid":{"rendered":"https:\/\/blogs.larioja.com\/entrevisillos\/?p=2515"},"modified":"2021-08-20T21:48:53","modified_gmt":"2021-08-20T19:48:53","slug":"poder-volar","status":"publish","type":"post","link":"https:\/\/blogs.larioja.com\/entrevisillos\/2021\/08\/21\/poder-volar\/","title":{"rendered":"Poder volar"},"content":{"rendered":"<p><strong>Una vez m\u00e1s la historia teje sus propias rimas. Las im\u00e1genes de los talibanes blandiendo sus armas victoriosos no son una novedad. Tampoco lo es que el primero en huir de Afganist\u00e1n haya sido su propio presidente Ashraf Ghani, lo que demuestra su escasa honestidad y la endeblez de un r\u00e9gimen tutelado por ej\u00e9rcitos extranjeros, sobre todo el de EEUU. Su retirada ha demostrado que el nuevo estado afgano, construido tras la derrota de los talibanes en 2001, era un castillo de naipes. El desmoronamiento de esa ficci\u00f3n es lo que hemos visto con asombro.<\/strong><\/p>\n<p><strong>Seguramente los norteamericanos tienen estos d\u00edas igual sensaci\u00f3n que los espa\u00f1oles en 1921 cuando Ab-del-Krim, tras reunir a todas las tribus rife\u00f1as, provoc\u00f3 una humillante derrota de nuestro ej\u00e9rcito en Marruecos. El Desastre de Annual convulsion\u00f3 a toda la naci\u00f3n. Hoy todav\u00eda ignoramos lo que ocurri\u00f3, como tampoco EEUU y Europa comprenden las causas de esta desbandada. Si en 1921 las milicias rife\u00f1as no pod\u00edan creer la rapidez de su \u00e9xito, en 2021 los insurgentes talibanes deben estar asombrados de haberse apropiado de Afganist\u00e1n sin resistencia. El miedo y la crueldad son grandes embajadores y m\u00e1s cuando se enfrentan a un ej\u00e9rcito desmoralizado que no duda en desertar para salvarse.<\/strong><\/p>\n<p><strong>Mientras las agencias de geoestrategas occidentales experimentaban con videojuegos para parvulitos, los talibanes tej\u00edan su red y sus enga\u00f1os incluso en la guerra de la comunicaci\u00f3n. Aparentan no ser los b\u00e1rbaros de anta\u00f1o pero dejan claro que impondr\u00e1n la shar\u00eda, es decir, la ley isl\u00e1mica. Una dictadura religiosa, una forma de totalitarismo, que ignora la Carta Universal de los Derechos Humanos. Mientras China espera y Europa se divide, los afganos viven desesperados. Saben lo que va a pasar y ello les empuja a un \u00e9xodo forzado. Abandonar el pa\u00eds es el sue\u00f1o m\u00e1s repetido bajo el cielo afgano. Las mujeres son las que m\u00e1s miedo albergan y no es de extra\u00f1ar. El burka es de nuevo la prenda obligada y el silencio la nueva norma. No hablar, no estudiar, no escribir, no cantar, no re\u00edr, no vivir. Tampoco podr\u00e1n amar, no podr\u00e1n elegir. Pasar\u00e1n a ser un objeto propiedad de un hombre al que habr\u00e1n de servir hasta la humillaci\u00f3n. Ese es el destino que les espera.<\/strong><\/p>\n<p><strong>Cuenta F\u00e1tima Mernissi, en <em>Sue\u00f1os en el umbral<\/em>, que las mujeres de Fez no pod\u00edan salir solas a la calle y ello les hac\u00eda so\u00f1ar que pod\u00edan volar para burlar el encierro. Este cuento convenci\u00f3 a la protagonista de que las mujeres ten\u00edan alas invisibles y que a ella tambi\u00e9n le saldr\u00edan con el tiempo. El deseo de libertad es la principal aspiraci\u00f3n del ser humano en este y en todos los tiempos. Ojal\u00e1 las mujeres afganas tuvieran alas para huir de la inmensa prisi\u00f3n que se avecina. Ojal\u00e1, al volar, pudieran unir sus manos a las nuestras para conquistar la libertad de su pueblo.<\/strong><\/p>\n<p><a href=\"https:\/\/static-blogs.larioja.com\/wp-content\/uploads\/sites\/25\/2021\/08\/talibanes.jpg\"><img loading=\"lazy\" class=\"alignleft size-full wp-image-2517\" src=\"https:\/\/static-blogs.larioja.com\/wp-content\/uploads\/sites\/25\/2021\/08\/talibanes.jpg\" alt=\"\" width=\"1200\" height=\"630\" srcset=\"https:\/\/static-blogs.larioja.com\/wp-content\/uploads\/sites\/25\/2021\/08\/talibanes.jpg 1200w, https:\/\/static-blogs.larioja.com\/wp-content\/uploads\/sites\/25\/2021\/08\/talibanes-300x158.jpg 300w, https:\/\/static-blogs.larioja.com\/wp-content\/uploads\/sites\/25\/2021\/08\/talibanes-768x403.jpg 768w, https:\/\/static-blogs.larioja.com\/wp-content\/uploads\/sites\/25\/2021\/08\/talibanes-1024x538.jpg 1024w\" sizes=\"(max-width: 1200px) 100vw, 1200px\" \/><\/a><\/p>\n","protected":false},"excerpt":{"rendered":"<p>Una vez m\u00e1s la historia teje sus propias rimas. Las im\u00e1genes de los talibanes blandiendo sus armas victoriosos no son una novedad. Tampoco lo es que el primero en huir de Afganist\u00e1n haya sido su propio presidente Ashraf Ghani, lo que demuestra su escasa honestidad y la endeblez de un r\u00e9gimen tutelado por ej\u00e9rcitos extranjeros, [&hellip;]<\/p>\n","protected":false},"author":28,"featured_media":2516,"comment_status":"open","ping_status":"open","sticky":false,"template":"","format":"standard","meta":[],"categories":[1],"tags":[2142,2141,351,447,663,1510,2140],"_links":{"self":[{"href":"https:\/\/blogs.larioja.com\/entrevisillos\/wp-json\/wp\/v2\/posts\/2515"}],"collection":[{"href":"https:\/\/blogs.larioja.com\/entrevisillos\/wp-json\/wp\/v2\/posts"}],"about":[{"href":"https:\/\/blogs.larioja.com\/entrevisillos\/wp-json\/wp\/v2\/types\/post"}],"author":[{"embeddable":true,"href":"https:\/\/blogs.larioja.com\/entrevisillos\/wp-json\/wp\/v2\/users\/28"}],"replies":[{"embeddable":true,"href":"https:\/\/blogs.larioja.com\/entrevisillos\/wp-json\/wp\/v2\/comments?post=2515"}],"version-history":[{"count":1,"href":"https:\/\/blogs.larioja.com\/entrevisillos\/wp-json\/wp\/v2\/posts\/2515\/revisions"}],"predecessor-version":[{"id":2518,"href":"https:\/\/blogs.larioja.com\/entrevisillos\/wp-json\/wp\/v2\/posts\/2515\/revisions\/2518"}],"wp:featuredmedia":[{"embeddable":true,"href":"https:\/\/blogs.larioja.com\/entrevisillos\/wp-json\/wp\/v2\/media\/2516"}],"wp:attachment":[{"href":"https:\/\/blogs.larioja.com\/entrevisillos\/wp-json\/wp\/v2\/media?parent=2515"}],"wp:term":[{"taxonomy":"category","embeddable":true,"href":"https:\/\/blogs.larioja.com\/entrevisillos\/wp-json\/wp\/v2\/categories?post=2515"},{"taxonomy":"post_tag","embeddable":true,"href":"https:\/\/blogs.larioja.com\/entrevisillos\/wp-json\/wp\/v2\/tags?post=2515"}],"curies":[{"name":"wp","href":"https:\/\/api.w.org\/{rel}","templated":true}]}}