{"id":2529,"date":"2021-09-04T07:00:26","date_gmt":"2021-09-04T05:00:26","guid":{"rendered":"https:\/\/blogs.larioja.com\/entrevisillos\/?p=2529"},"modified":"2021-09-03T18:30:54","modified_gmt":"2021-09-03T16:30:54","slug":"abandonad-toda-esperanza","status":"publish","type":"post","link":"https:\/\/blogs.larioja.com\/entrevisillos\/2021\/09\/04\/abandonad-toda-esperanza\/","title":{"rendered":"\u00a1Abandonad toda esperanza!"},"content":{"rendered":"<p><strong>\u00a0 \u00a0 \u00a0 \u00a0 \u00a0 Dir\u00e1n algunos que la poes\u00eda no sirve para nada pero ah\u00ed tenemos a Pablo Casado para desmentir tales asertos. El l\u00edder del PP ha vuelto de vacaciones blandiendo versos de la <em>Divina Comedia<\/em>. Impulsado por las encuestas, mientras teje ilusiones venideras, ha tomado de Dante el texto que el poeta fij\u00f3 en el dintel de la puerta del Infierno: \u201cAbandonad toda esperanza\u201d. Eso le ha espetado a Pedro S\u00e1nchez para dejar claro que no piensa negociar la renovaci\u00f3n del Consejo General del Poder Judicial. Golpe\u00f3 a S\u00e1nchez con el verso y a\u00f1adi\u00f3 que quiere despolitizar la justicia, un aviso con la espada de la demagogia. Las risas se oyeron en el Cielo y pudimos comprobar que en el mundo (que es una r\u00e9plica del Infierno) est\u00e1 lleno de olvidadizos.<\/strong><\/p>\n<p><strong>\u00a0 \u00a0 \u00a0 \u00a0 \u00a0 Casado quiere ignorar el pasado pero no hay olvido que pueda demolerlo. Si la justicia est\u00e1 politizada, deteriorada y con escasa credibilidad no es porque S\u00e1nchez sea el presidente. A echarla a perder han contribuido pol\u00edticos y jueces acostumbrados a invadir los territorios ajenos en funci\u00f3n de sus intereses. Se cumplen m\u00e1s de mil d\u00edas desde que el mandato del Consejo General del Poder Judicial caducara y no pasa nada ni a nadie se le cae la cara de verg\u00fcenza. Unos y otros se est\u00e1n saltando la sacrosanta Constituci\u00f3n a la torera. Incapaces de ponerse de acuerdo, se est\u00e1n riendo de toda Espa\u00f1a, en especial, quienes se parapetan en el \u201cabandonad toda esperanza\u201d. Olvidan que da\u00f1an una democracia que tambi\u00e9n se fortalece alcanzando consensos constitucionales alejados de los intereses partidistas que hacen del \u201ccuanto peor, mejor\u201d su \u00fanico ideario pol\u00edtico.<\/strong><\/p>\n<p><strong>\u00a0 \u00a0 \u00a0 \u00a0 \u00a0 Tambi\u00e9n se burlan de nosotros los se\u00f1ores magistrados escondidos bajo sus togas y, por qu\u00e9 no recordarlo, tras sus sueldos. El presidente del Consejo, seg\u00fan la Ley 11\/2020, de 30 de diciembre, de Presupuestos Generales del Estado para el a\u00f1o 2021, percibe 142.510,96 \u20ac anuales y los vocales 122.908,38 \u20ac, trienios aparte. Pasado un tiempo prudencial sin haber sido renovados en sus cargos bien podr\u00edan los 20 miembros que lo integran haber dimitido en bloque. Esa era la mejor forma de presionar y de prestigiar la instituci\u00f3n en vez de lanzar lamentos in\u00fatiles que solo benefician a los nombrados y a los que les nombraron pero no a la Justicia. Puede que la mezquindad abunde en la pol\u00edtica pero tambi\u00e9n en la judicatura, negarlo es ignorar la condici\u00f3n humana.<\/strong><\/p>\n<p><strong>\u00a0 \u00a0 \u00a0 \u00a0 \u00a0 En unos d\u00edas se abrir\u00e1 el a\u00f1o judicial y todos hablar\u00e1n de la independencia de este poder del Estado. Carlos Lesmes, que hace mil d\u00edas que debi\u00f3 ser relevado, meter\u00e1 el dedo en el ojo al poder ejecutivo y al legislativo, en un alarde de vanidad, pero aqu\u00ed hay complicidades que huelen a podrido. Dicen que la Justicia debe ser ciega pero nosotros debemos abrir los ojos que ya les vale, se\u00f1or\u00edas. No nos enga\u00f1en con sus infiernos.<\/strong><\/p>\n","protected":false},"excerpt":{"rendered":"<p>\u00a0 \u00a0 \u00a0 \u00a0 \u00a0 Dir\u00e1n algunos que la poes\u00eda no sirve para nada pero ah\u00ed tenemos a Pablo Casado para desmentir tales asertos. El l\u00edder del PP ha vuelto de vacaciones blandiendo versos de la Divina Comedia. Impulsado por las encuestas, mientras teje ilusiones venideras, ha tomado de Dante el texto que el poeta [&hellip;]<\/p>\n","protected":false},"author":28,"featured_media":2532,"comment_status":"open","ping_status":"open","sticky":false,"template":"","format":"standard","meta":[],"categories":[1],"tags":[2150,227,2151,2153,2152,882,2149],"_links":{"self":[{"href":"https:\/\/blogs.larioja.com\/entrevisillos\/wp-json\/wp\/v2\/posts\/2529"}],"collection":[{"href":"https:\/\/blogs.larioja.com\/entrevisillos\/wp-json\/wp\/v2\/posts"}],"about":[{"href":"https:\/\/blogs.larioja.com\/entrevisillos\/wp-json\/wp\/v2\/types\/post"}],"author":[{"embeddable":true,"href":"https:\/\/blogs.larioja.com\/entrevisillos\/wp-json\/wp\/v2\/users\/28"}],"replies":[{"embeddable":true,"href":"https:\/\/blogs.larioja.com\/entrevisillos\/wp-json\/wp\/v2\/comments?post=2529"}],"version-history":[{"count":3,"href":"https:\/\/blogs.larioja.com\/entrevisillos\/wp-json\/wp\/v2\/posts\/2529\/revisions"}],"predecessor-version":[{"id":2533,"href":"https:\/\/blogs.larioja.com\/entrevisillos\/wp-json\/wp\/v2\/posts\/2529\/revisions\/2533"}],"wp:featuredmedia":[{"embeddable":true,"href":"https:\/\/blogs.larioja.com\/entrevisillos\/wp-json\/wp\/v2\/media\/2532"}],"wp:attachment":[{"href":"https:\/\/blogs.larioja.com\/entrevisillos\/wp-json\/wp\/v2\/media?parent=2529"}],"wp:term":[{"taxonomy":"category","embeddable":true,"href":"https:\/\/blogs.larioja.com\/entrevisillos\/wp-json\/wp\/v2\/categories?post=2529"},{"taxonomy":"post_tag","embeddable":true,"href":"https:\/\/blogs.larioja.com\/entrevisillos\/wp-json\/wp\/v2\/tags?post=2529"}],"curies":[{"name":"wp","href":"https:\/\/api.w.org\/{rel}","templated":true}]}}