{"id":2534,"date":"2021-09-11T06:53:06","date_gmt":"2021-09-11T04:53:06","guid":{"rendered":"https:\/\/blogs.larioja.com\/entrevisillos\/?p=2534"},"modified":"2021-09-11T10:01:37","modified_gmt":"2021-09-11T08:01:37","slug":"el-rey-del-timo","status":"publish","type":"post","link":"https:\/\/blogs.larioja.com\/entrevisillos\/2021\/09\/11\/el-rey-del-timo\/","title":{"rendered":"El rey del timo"},"content":{"rendered":"<p><strong>Hace muchos a\u00f1os fue nombrado obispo de Solsona Vicente Enrique y Taranc\u00f3n. En 1950 escribi\u00f3 una pastoral, <em>El pan nuestro de cada d\u00eda, d\u00e1nosle hoy<\/em>, en la que denunci\u00f3 a quienes especulaban con el trigo mientras el pueblo pasaba hambre. Esa actitud le gan\u00f3 la enemistad del r\u00e9gimen y all\u00ed se qued\u00f3 recluido durante a\u00f1os porque, como dijo el nuncio Cicognani, las autoridades franquistas no diger\u00edan el pan. Es decir que su denuncia cay\u00f3 como una bomba en la mesa de Franco y con enorme alivio entre sus fieles que volvieron a comer pan aunque fuera negro. Nada que ver esta historia con la renuncia del actual obispo, Xavier Novell, que ha dejado at\u00f3nita a toda su feligres\u00eda y aturdido a todo el clero. Una bomba que anuncia otras y que ilustra las eternas contradicciones por las que camina la iglesia cat\u00f3lica. At\u00f3nitas est\u00e1n sus jerarqu\u00edas ante el fervor con el que uno de los suyos escribe un borr\u00f3n hist\u00f3rico con un esc\u00e1ndalo de faldas vulgar y corriente. Ni ellos, que no censuraron sus excesos y diatribas hom\u00f3fobas, saben si es el amor o el demonio el que ha llamado a su puerta.<\/strong><\/p>\n<p><strong>Ya saben que Pablo de Tarso cuando iba a Damasco a perseguir cristianos cay\u00f3 del caballo y Dios lo convirti\u00f3. No hay pruebas de que sufriera ninguna lesi\u00f3n durante esta transformaci\u00f3n. Hoy, el obispo de Solsona se ha pegado un bofet\u00f3n de \u00f3rdago contra la realidad tras haber promovido m\u00e9todos curativos de homosexuales y pervertidos en general. Esa era la cruzada del superm\u00e1n independentista de Solsona. Se ignora si las heridas del amor son profundas y si ser\u00e1n duraderas porque en Xavier Novell los cambios de opini\u00f3n son frecuentes, pas\u00f3 de pedir la supresi\u00f3n del celibato a defenderlo. Ante esta deriva carnal que seguro que es pecado, dicen que este enamorado de la autora de <em>El infierno en la lujuria de Gabriel<\/em> habr\u00eda sido abducido por alg\u00fan demonio que vagaba por el mundo sin nada que hacer. La posesi\u00f3n demoniaca es la \u00fanica explicaci\u00f3n que algunos encuentran. Creen que ha perdido la raz\u00f3n pero a m\u00ed este fichaje del papa Ratzinger me tiene totalmente seducida. Tras conocer que era el exorcista titular de la di\u00f3cesis veo una novela y una trepidante pel\u00edcula, \u00a1cosas del demonio!<\/strong><\/p>\n<p><strong>Qu\u00e9 bien interpretar\u00eda a un obispo tan pillo el genial Jean Paul Belmondo. Lo recuerdo en una escena en la que se le ve muy elegante pilotando una lancha en las aguas de Venecia mientras le persiguen en dos motoras los <em>carabinieris<\/em>. Cuando van a darle alcance un helic\u00f3ptero lanza una escala por la que Belmondo asciende intr\u00e9pidamente mostr\u00e1ndonos en primer plano unos calzoncillos largos de color blanco con grandes topos rojos. Una escena delirante y elegante, nada que ver con esta aventura episcopal que ha dejado a quienes apoyaron a Novell con el culo al aire. Por cierto, la pel\u00edcula se titula <em>El rey del timo<\/em>.<\/strong><a href=\"https:\/\/static-blogs.larioja.com\/wp-content\/uploads\/sites\/25\/2021\/09\/belmondo4.jpg\"><img loading=\"lazy\" class=\"alignleft size-full wp-image-2538\" src=\"https:\/\/static-blogs.larioja.com\/wp-content\/uploads\/sites\/25\/2021\/09\/belmondo4.jpg\" alt=\"\" width=\"913\" height=\"511\" srcset=\"https:\/\/static-blogs.larioja.com\/wp-content\/uploads\/sites\/25\/2021\/09\/belmondo4.jpg 913w, https:\/\/static-blogs.larioja.com\/wp-content\/uploads\/sites\/25\/2021\/09\/belmondo4-300x168.jpg 300w, https:\/\/static-blogs.larioja.com\/wp-content\/uploads\/sites\/25\/2021\/09\/belmondo4-768x430.jpg 768w\" sizes=\"(max-width: 913px) 100vw, 913px\" \/><\/a><\/p>\n","protected":false},"excerpt":{"rendered":"<p>Hace muchos a\u00f1os fue nombrado obispo de Solsona Vicente Enrique y Taranc\u00f3n. En 1950 escribi\u00f3 una pastoral, El pan nuestro de cada d\u00eda, d\u00e1nosle hoy, en la que denunci\u00f3 a quienes especulaban con el trigo mientras el pueblo pasaba hambre. Esa actitud le gan\u00f3 la enemistad del r\u00e9gimen y all\u00ed se qued\u00f3 recluido durante a\u00f1os [&hellip;]<\/p>\n","protected":false},"author":28,"featured_media":2537,"comment_status":"open","ping_status":"open","sticky":false,"template":"","format":"standard","meta":[],"categories":[1],"tags":[2158,2155,2159,2114,2160,2154,2157,1716],"_links":{"self":[{"href":"https:\/\/blogs.larioja.com\/entrevisillos\/wp-json\/wp\/v2\/posts\/2534"}],"collection":[{"href":"https:\/\/blogs.larioja.com\/entrevisillos\/wp-json\/wp\/v2\/posts"}],"about":[{"href":"https:\/\/blogs.larioja.com\/entrevisillos\/wp-json\/wp\/v2\/types\/post"}],"author":[{"embeddable":true,"href":"https:\/\/blogs.larioja.com\/entrevisillos\/wp-json\/wp\/v2\/users\/28"}],"replies":[{"embeddable":true,"href":"https:\/\/blogs.larioja.com\/entrevisillos\/wp-json\/wp\/v2\/comments?post=2534"}],"version-history":[{"count":4,"href":"https:\/\/blogs.larioja.com\/entrevisillos\/wp-json\/wp\/v2\/posts\/2534\/revisions"}],"predecessor-version":[{"id":2540,"href":"https:\/\/blogs.larioja.com\/entrevisillos\/wp-json\/wp\/v2\/posts\/2534\/revisions\/2540"}],"wp:featuredmedia":[{"embeddable":true,"href":"https:\/\/blogs.larioja.com\/entrevisillos\/wp-json\/wp\/v2\/media\/2537"}],"wp:attachment":[{"href":"https:\/\/blogs.larioja.com\/entrevisillos\/wp-json\/wp\/v2\/media?parent=2534"}],"wp:term":[{"taxonomy":"category","embeddable":true,"href":"https:\/\/blogs.larioja.com\/entrevisillos\/wp-json\/wp\/v2\/categories?post=2534"},{"taxonomy":"post_tag","embeddable":true,"href":"https:\/\/blogs.larioja.com\/entrevisillos\/wp-json\/wp\/v2\/tags?post=2534"}],"curies":[{"name":"wp","href":"https:\/\/api.w.org\/{rel}","templated":true}]}}