{"id":2543,"date":"2021-09-18T06:42:57","date_gmt":"2021-09-18T04:42:57","guid":{"rendered":"https:\/\/blogs.larioja.com\/entrevisillos\/?p=2543"},"modified":"2021-09-17T20:44:41","modified_gmt":"2021-09-17T18:44:41","slug":"la-inocencia","status":"publish","type":"post","link":"https:\/\/blogs.larioja.com\/entrevisillos\/2021\/09\/18\/la-inocencia\/","title":{"rendered":"La inocencia"},"content":{"rendered":"<p><strong>\u00a0 \u00a0 \u00a0 \u00a0 \u00a0 El jaleo es lo que impera desde hace tiempo en el patio pol\u00edtico espa\u00f1ol y as\u00ed no hay quien viva tranquilo. Nos hemos acostumbrado tanto al ruido que es como cuando pasa la charanga en las fiestas y la sientes lejana como un recuerdo. Es todo tan infantil que resulta agotador ver c\u00f3mo las exageraciones y los apocalipsis han sustituido a las propuestas. Se disparan insultos en vez de argumentos. Es tan desilusionante como el espect\u00e1culo de un mago al que se le ven los trucos.<\/strong><br \/>\n<strong>\u00a0 \u00a0 \u00a0 \u00a0 \u00a0 No imagino a Angela Merkel, por ejemplo, inventado ocurrencias en vez de soluciones. Compartas o no su ideolog\u00eda su nivel pol\u00edtico no es comparable, ella se considera una servidora p\u00fablica y es evidente que se lo cree. Estos d\u00edas ha coincido en Berl\u00edn con Pablo Casado, debi\u00f3 ser como cuando el d\u00eda eclipsa a la noche. Habl\u00f3 Casado como el sopl\u00f3n de la clase que se\u00f1ala con el dedo. \u201cPara los que no lo sab\u00e9is, -cont\u00f3- el Gobierno de Espa\u00f1a, es socialista con ministros comunistas&#8221;. Lo dice como si estos \u00faltimos fueran clones de Stalin y partidarios de sus cr\u00edmenes. A estas alturas de la historia, estos comunistas a los que se refiere Casado no pasar\u00edan de socialdem\u00f3cratas. Produce risa creer que a\u00f1oran las dictaduras comunistas quienes se integraron en las democracias europeas para construir el estado del bienestar. A buen seguro que los all\u00ed reunidos, a poca historia que sepan, esbozar\u00edan una sonrisa al comprobar la ignorancia del interviniente. <\/strong><br \/>\n<strong>\u00a0 \u00a0 \u00a0 \u00a0 \u00a0 Claro que no solo en Berl\u00edn est\u00e1n at\u00f3nitos. En Madrid hay quien cree lo mismo y lo dice. Ah\u00ed esta Esperanza Aguirre, una faraona de la pol\u00edtica, echando vinagre en la llaga. Seg\u00fan cree la singular cazatalentos, el PP est\u00e1 infestado de &#8220;chiquilicuatres&#8221; que no saben nada de pol\u00edtica y la sede de G\u00e9nova alberga a &#8220;pol\u00edticos novatos y de pocas luces&#8221;. Ah\u00ed queda eso para mayor gloria de Isabel D\u00edaz Ayuso. <\/strong><br \/>\n<strong>\u00a0 \u00a0 \u00a0 \u00a0 \u00a0 Merkel se va despu\u00e9s de haber liderado Alemania y, en parte, tambi\u00e9n Europa sosteniendo pol\u00edticas de austeridad presupuestaria, discutibles, en la crisis de 2008. Tras diecis\u00e9is a\u00f1os de gobierno se va sin estridencias. Vamos que ni antes ni ahora me la imagino yo viniendo a Espa\u00f1a a ridiculizar a su pa\u00eds con prejuicios insolventes ni criticar a sus sucesores en el partido con menosprecios. No habiendo nada m\u00e1s ef\u00edmero que la pol\u00edtica hay quienes se van sin irse, seguro que Merkel no seguir\u00e1 su ejemplo.<\/strong><br \/>\n<strong>\u00a0 \u00a0 \u00a0 \u00a0 \u00a0 Afortunadamente en este pa\u00eds hay mucho talento que surge del esfuerzo no del compadreo y el enchufe de esa pol\u00edtica in\u00fatil que hace tanto ruido. Israel Fern\u00e1ndez, gran promesa del nuevo flamenco, ha confesado que todo cuanto sabe se lo ense\u00f1\u00f3 un maestro en libros que le fotocopiaba porque no pod\u00eda comprarlos. Su tema, &#8220;La inocencia&#8221;, es un b\u00e1lsamo para quitarnos la desaz\u00f3n a todos los que hace tiempo aprendimos que en pol\u00edtica nada es inocente.<\/strong><\/p>\n","protected":false},"excerpt":{"rendered":"<p>\u00a0 \u00a0 \u00a0 \u00a0 \u00a0 El jaleo es lo que impera desde hace tiempo en el patio pol\u00edtico espa\u00f1ol y as\u00ed no hay quien viva tranquilo. Nos hemos acostumbrado tanto al ruido que es como cuando pasa la charanga en las fiestas y la sientes lejana como un recuerdo. Es todo tan infantil que resulta [&hellip;]<\/p>\n","protected":false},"author":28,"featured_media":2545,"comment_status":"open","ping_status":"open","sticky":false,"template":"","format":"standard","meta":[],"categories":[1],"tags":[1430,2162,2164,2166,2165,429,2161,2163,731],"_links":{"self":[{"href":"https:\/\/blogs.larioja.com\/entrevisillos\/wp-json\/wp\/v2\/posts\/2543"}],"collection":[{"href":"https:\/\/blogs.larioja.com\/entrevisillos\/wp-json\/wp\/v2\/posts"}],"about":[{"href":"https:\/\/blogs.larioja.com\/entrevisillos\/wp-json\/wp\/v2\/types\/post"}],"author":[{"embeddable":true,"href":"https:\/\/blogs.larioja.com\/entrevisillos\/wp-json\/wp\/v2\/users\/28"}],"replies":[{"embeddable":true,"href":"https:\/\/blogs.larioja.com\/entrevisillos\/wp-json\/wp\/v2\/comments?post=2543"}],"version-history":[{"count":1,"href":"https:\/\/blogs.larioja.com\/entrevisillos\/wp-json\/wp\/v2\/posts\/2543\/revisions"}],"predecessor-version":[{"id":2544,"href":"https:\/\/blogs.larioja.com\/entrevisillos\/wp-json\/wp\/v2\/posts\/2543\/revisions\/2544"}],"wp:featuredmedia":[{"embeddable":true,"href":"https:\/\/blogs.larioja.com\/entrevisillos\/wp-json\/wp\/v2\/media\/2545"}],"wp:attachment":[{"href":"https:\/\/blogs.larioja.com\/entrevisillos\/wp-json\/wp\/v2\/media?parent=2543"}],"wp:term":[{"taxonomy":"category","embeddable":true,"href":"https:\/\/blogs.larioja.com\/entrevisillos\/wp-json\/wp\/v2\/categories?post=2543"},{"taxonomy":"post_tag","embeddable":true,"href":"https:\/\/blogs.larioja.com\/entrevisillos\/wp-json\/wp\/v2\/tags?post=2543"}],"curies":[{"name":"wp","href":"https:\/\/api.w.org\/{rel}","templated":true}]}}