{"id":2560,"date":"2021-10-08T15:40:54","date_gmt":"2021-10-08T13:40:54","guid":{"rendered":"https:\/\/blogs.larioja.com\/entrevisillos\/?p=2560"},"modified":"2021-10-08T15:40:54","modified_gmt":"2021-10-08T13:40:54","slug":"felix-palomo-un-hombre-bueno","status":"publish","type":"post","link":"https:\/\/blogs.larioja.com\/entrevisillos\/2021\/10\/08\/felix-palomo-un-hombre-bueno\/","title":{"rendered":"F\u00e9lix Palomo: Un hombre bueno"},"content":{"rendered":"<p><strong>A veces la bruma que deja el paso de tiempo trata de borrarnos los recuerdos. Adem\u00e1s de la tristeza de su p\u00e9rdida, el fallecimiento de F\u00e9lix Palomo, ha activado el bot\u00f3n de la memoria de un pasado muy reciente que la velocidad trepidante del mundo en que vivimos va cubriendo de olvido. No quiero que la nostalgia oculte esos momentos en los que F\u00e9lix Palomo ocup\u00f3 un lugar relevante en nuestra historia riojana. El dio voz y alma en Radio Rioja al personaje de &#8220;Juan Logro\u00f1\u00e9s&#8221; llevando a las ondas el sentir de la calle. Su denuncia de la subida del precio del pan puede hoy hacernos sonre\u00edr pero, con una inflaci\u00f3n desbocada y con bajos salarios, los art\u00edculos de primera necesidad garantizaban la subsistencia. Este es un ejemplo igual que su insistencia en la necesidad de mejorar la N-232 y aquellas penosas carreteras que obligaban a realizar rodeos para llegar al destino por las de Navarra en mejores condiciones. As\u00ed logr\u00f3 F\u00e9lix hacer grande lo cotidiano, algo tan novedoso entonces como la democracia que estaba naciendo. Pero \u00e9l no es hijo de la Transici\u00f3n sino parte activa de ella.<\/strong><\/p>\n<p><strong>En 1977 integr\u00f3 la lista de &#8220;Rioja Democr\u00e1tica&#8221;, una candidatura unitaria de fuerzas progresistas, junto a Miguel Boyer Salvador y Lucio Parra Maestu, l\u00edder del naciente sindicalismo agrario riojano. Sali\u00f3 elegido F\u00e9lix y siempre se le recordar\u00eda por haber superado en votos al que ser\u00eda superministro de econom\u00eda del primer gobierno socialista de Felipe Gonz\u00e1lez. De aquello hicimos muchas bromas a F\u00e9lix.<\/strong><\/p>\n<p><strong>A quienes cuestionan los aciertos de la Transici\u00f3n hay que recordarles que para dejar atr\u00e1s aquellos tiempos oscuros no hubo manual de instrucciones. El deseo de cambio gener\u00f3 r\u00edos de ilusi\u00f3n gracias al hambre de libertad y de igualdad que se respiraba. Esta necesidad de materializar la democracia fue el compromiso de F\u00e9lix con la pol\u00edtica, con su tierra y con su pa\u00eds. Hoy que la pol\u00edtica es ruido y bronca, muchas veces carente de sentido, figuras como la de F\u00e9lix Palomo en la presidencia del Parlamento de La Rioja se hacen m\u00e1s grandes en la despedida. La firmeza en las convicciones no est\u00e1 re\u00f1ida con las buenas maneras que F\u00e9lix practic\u00f3 siempre, aunque a veces los m\u00e1s j\u00f3venes no lo entendi\u00e9ramos. Queda ah\u00ed su lecci\u00f3n porque fue \u00fatil para los riojanos. Sus convicciones brotaban de manantial sereno, como dir\u00eda Machado, porque F\u00e9lix Palomo &#8220;m\u00e1s que un hombre al uso que sabe su doctrina&#8221;, fue &#8220;en el buen sentido de la palabra, bueno&#8221;. No encuentro mejor elogio para ese hombre firme en su defensa de la libertad, la igualdad y la justicia pero de amable sonrisa y tranquilas maneras. De todo coraz\u00f3n: \u00a1hasta siempre, F\u00e9lix!<\/strong><\/p>\n","protected":false},"excerpt":{"rendered":"<p>A veces la bruma que deja el paso de tiempo trata de borrarnos los recuerdos. Adem\u00e1s de la tristeza de su p\u00e9rdida, el fallecimiento de F\u00e9lix Palomo, ha activado el bot\u00f3n de la memoria de un pasado muy reciente que la velocidad trepidante del mundo en que vivimos va cubriendo de olvido. No quiero que [&hellip;]<\/p>\n","protected":false},"author":28,"featured_media":2562,"comment_status":"open","ping_status":"open","sticky":false,"template":"","format":"standard","meta":[],"categories":[1],"tags":[456,2179,2180,1254],"_links":{"self":[{"href":"https:\/\/blogs.larioja.com\/entrevisillos\/wp-json\/wp\/v2\/posts\/2560"}],"collection":[{"href":"https:\/\/blogs.larioja.com\/entrevisillos\/wp-json\/wp\/v2\/posts"}],"about":[{"href":"https:\/\/blogs.larioja.com\/entrevisillos\/wp-json\/wp\/v2\/types\/post"}],"author":[{"embeddable":true,"href":"https:\/\/blogs.larioja.com\/entrevisillos\/wp-json\/wp\/v2\/users\/28"}],"replies":[{"embeddable":true,"href":"https:\/\/blogs.larioja.com\/entrevisillos\/wp-json\/wp\/v2\/comments?post=2560"}],"version-history":[{"count":2,"href":"https:\/\/blogs.larioja.com\/entrevisillos\/wp-json\/wp\/v2\/posts\/2560\/revisions"}],"predecessor-version":[{"id":2563,"href":"https:\/\/blogs.larioja.com\/entrevisillos\/wp-json\/wp\/v2\/posts\/2560\/revisions\/2563"}],"wp:featuredmedia":[{"embeddable":true,"href":"https:\/\/blogs.larioja.com\/entrevisillos\/wp-json\/wp\/v2\/media\/2562"}],"wp:attachment":[{"href":"https:\/\/blogs.larioja.com\/entrevisillos\/wp-json\/wp\/v2\/media?parent=2560"}],"wp:term":[{"taxonomy":"category","embeddable":true,"href":"https:\/\/blogs.larioja.com\/entrevisillos\/wp-json\/wp\/v2\/categories?post=2560"},{"taxonomy":"post_tag","embeddable":true,"href":"https:\/\/blogs.larioja.com\/entrevisillos\/wp-json\/wp\/v2\/tags?post=2560"}],"curies":[{"name":"wp","href":"https:\/\/api.w.org\/{rel}","templated":true}]}}