{"id":2570,"date":"2021-10-16T06:50:50","date_gmt":"2021-10-16T04:50:50","guid":{"rendered":"https:\/\/blogs.larioja.com\/entrevisillos\/?p=2570"},"modified":"2021-10-15T18:00:34","modified_gmt":"2021-10-15T16:00:34","slug":"la-cabra-de-la-legion","status":"publish","type":"post","link":"https:\/\/blogs.larioja.com\/entrevisillos\/2021\/10\/16\/la-cabra-de-la-legion\/","title":{"rendered":"La cabra de la Legi\u00f3n"},"content":{"rendered":"<p><strong>Estos d\u00edas he o\u00eddo cosas terribles sobre la patria. He escuchado las trompetas del apocalipsis anunciando que Espa\u00f1a est\u00e1 quebrada y que el Banco Central Europeo nos ha tenido que inyectar 330.000 millones de euros. Oyendo al l\u00edder llamado Pablo Casado me ha asaltado un recuerdo infantil. De pronto he visto todas las jeringuillas de mi practicante ordenadas seg\u00fan tama\u00f1o junto a un hornillo desinfectante. Entonces nos pon\u00edan muchas inyecciones y yo, asustada, le dec\u00eda siempre: -don Miguel \u00c1ngel, \u00bfme pondr\u00e1 la medicina con la m\u00e1s peque\u00f1a? \u00c9l se re\u00eda y yo me iba temblando con el pinchazo en el trasero. As\u00ed que en este caso he imaginado a Christine Lagarde, presidenta del Banco Central Europeo, con una jeringuilla gigante para inyectar a la patria una dosis medicinal de aqu\u00ed te espero. Luego me he acordado de Espronceda, cu\u00e1nto le doler\u00eda la patria al escribir: \u00bfQui\u00e9n calmar\u00e1 \u00a1oh Espa\u00f1a!, tus pesares?,\/\u00bfqui\u00e9n secar\u00e1 tu llanto? Eso mismo me pregunto yo, patria querida.<\/strong><\/p>\n<p><strong>He llegado a la conclusi\u00f3n de que quiz\u00e1 la Espa\u00f1a que quiero no es la verdadera Espa\u00f1a y la patria de la que hablan algunos no es mi patria ni tampoco la suya. Quiz\u00e1 me he hecho un l\u00edo porque esto lo he pensado a bote pronto sin reflexionar demasiado viendo las im\u00e1genes del desfile de la fiesta nacional. Yo este a\u00f1o, despu\u00e9s de verlo, me he sentido muy preocupada por la patria. Confieso mi admiraci\u00f3n por Puzzle, la cabra de la Legi\u00f3n que transit\u00f3 por la calzada con estilo y donosura, sin meterse con nadie. Oigan, march\u00f3 estupenda sin insultar a nadie que, a buen seguro, hab\u00eda all\u00ed gente que no era de su agrado. Con estilazo desminti\u00f3 la hecatombe de que van a prohibirle desfilar. Y es que a ella la cuidan como a una reina. No s\u00e9 si esto es pol\u00edticamente correcto pero seg\u00fan la cabra es m\u00e1s verdad que el evangelio. Dice que si no es mentira habr\u00eda que pedir la dimisi\u00f3n en bloque de este gobierno socialcomunista que la patria no puede permitirse.<\/strong><\/p>\n<p><strong>Solo faltaba que al llegar el \u201cpresidente okupa\u201d se hubiera abierto un cr\u00e1ter en la Castellana para anunciar un nuevo infierno al que nos conduce este \u201cpaleto\u201d que como todos sabemos fue elegido democr\u00e1ticamente por error. Y es que los espa\u00f1oles votaron mal porque muchos no aman a la patria y no votaron como el premio Nobel, Mario Vargas Llosa. Sepan ustedes que hay muchos espa\u00f1oles empe\u00f1ados en hundir a Espa\u00f1a, por eso algunos fueron al desfile a recordar con gritos e insultos a estos sinverg\u00fcenzas que por encima de la libertad y de la democracia est\u00e1n el voto inteligente y la patria. Yo no digo nada, pero he pensando que si en esta patria no cabemos todos es que Espa\u00f1a necesita una inyecci\u00f3n de cordura en la que, en vez de insultar al que piensa distinto, caminemos alegres como la cabra de la Legi\u00f3n que dio una lecci\u00f3n de saber estar a los maleducados.<\/strong><\/p>\n","protected":false},"excerpt":{"rendered":"<p>Estos d\u00edas he o\u00eddo cosas terribles sobre la patria. He escuchado las trompetas del apocalipsis anunciando que Espa\u00f1a est\u00e1 quebrada y que el Banco Central Europeo nos ha tenido que inyectar 330.000 millones de euros. Oyendo al l\u00edder llamado Pablo Casado me ha asaltado un recuerdo infantil. De pronto he visto todas las jeringuillas de [&hellip;]<\/p>\n","protected":false},"author":28,"featured_media":2572,"comment_status":"open","ping_status":"open","sticky":false,"template":"","format":"standard","meta":[],"categories":[1],"tags":[416,2187,2186,2185,1726,2188],"_links":{"self":[{"href":"https:\/\/blogs.larioja.com\/entrevisillos\/wp-json\/wp\/v2\/posts\/2570"}],"collection":[{"href":"https:\/\/blogs.larioja.com\/entrevisillos\/wp-json\/wp\/v2\/posts"}],"about":[{"href":"https:\/\/blogs.larioja.com\/entrevisillos\/wp-json\/wp\/v2\/types\/post"}],"author":[{"embeddable":true,"href":"https:\/\/blogs.larioja.com\/entrevisillos\/wp-json\/wp\/v2\/users\/28"}],"replies":[{"embeddable":true,"href":"https:\/\/blogs.larioja.com\/entrevisillos\/wp-json\/wp\/v2\/comments?post=2570"}],"version-history":[{"count":2,"href":"https:\/\/blogs.larioja.com\/entrevisillos\/wp-json\/wp\/v2\/posts\/2570\/revisions"}],"predecessor-version":[{"id":2573,"href":"https:\/\/blogs.larioja.com\/entrevisillos\/wp-json\/wp\/v2\/posts\/2570\/revisions\/2573"}],"wp:featuredmedia":[{"embeddable":true,"href":"https:\/\/blogs.larioja.com\/entrevisillos\/wp-json\/wp\/v2\/media\/2572"}],"wp:attachment":[{"href":"https:\/\/blogs.larioja.com\/entrevisillos\/wp-json\/wp\/v2\/media?parent=2570"}],"wp:term":[{"taxonomy":"category","embeddable":true,"href":"https:\/\/blogs.larioja.com\/entrevisillos\/wp-json\/wp\/v2\/categories?post=2570"},{"taxonomy":"post_tag","embeddable":true,"href":"https:\/\/blogs.larioja.com\/entrevisillos\/wp-json\/wp\/v2\/tags?post=2570"}],"curies":[{"name":"wp","href":"https:\/\/api.w.org\/{rel}","templated":true}]}}