{"id":2574,"date":"2021-10-23T06:30:18","date_gmt":"2021-10-23T04:30:18","guid":{"rendered":"https:\/\/blogs.larioja.com\/entrevisillos\/?p=2574"},"modified":"2021-10-21T21:33:48","modified_gmt":"2021-10-21T19:33:48","slug":"el-dolor","status":"publish","type":"post","link":"https:\/\/blogs.larioja.com\/entrevisillos\/2021\/10\/23\/el-dolor\/","title":{"rendered":"El dolor"},"content":{"rendered":"<p><strong>Arnaldo Otegi se dirigi\u00f3 a las v\u00edctimas de ETA y les dijo: &#8220;Sentimos su dolor. Nunca debi\u00f3 haberse producido&#8221;. Eso ya lo sab\u00edamos, pero se produjo. Tras escucharle he pensado a menudo en el dolor. Hubo un tiempo en Espa\u00f1a en el que terror y dolor caminaban juntos por la l\u00ednea del horizonte que jam\u00e1s se extingue. \u00bfCu\u00e1nto dolor puede soportarse?, \u00bfd\u00f3nde se guarda el dolor?, \u00bfcu\u00e1ndo nace el dolor?, \u00bfqu\u00e9 o quien causa el dolor? El volc\u00e1n de Cumbre Vieja, por ejemplo, explosion\u00f3 sin intenci\u00f3n, sin consciencia, sin elegir a los perjudicados y aleatoriamente llena de pesar a los isle\u00f1os. Su tristeza es enorme, sin embargo, tienen algo de esperanza. Saben que nada ser\u00e1 como antes pero ser\u00e1 de otra manera.<\/strong><\/p>\n<p><strong>Pero cuando la muerte se hace presente ya no hay futuro. Planificar un asesinato a sangre fr\u00eda, elegir a la v\u00edctima, empu\u00f1ar el arma, ser consciente de lo que supone matarla y, sin embargo, ejecutarla siempre cre\u00ed que era objetivamente perverso adem\u00e1s de punible. El dolor que genera es un dolor desgarrado, hondo, inabarcable, sin ning\u00fan atisbo de consuelo. El sufrimiento que arrastra la lava se almacena en el fondo del mar hasta acrecentar la isla en un ap\u00e9ndice siniestro. Pero el dolor que ha provocado ETA \u00bfd\u00f3nde se sedimenta?, \u00bfen qu\u00e9 coraz\u00f3n cabe? \u00bfC\u00f3mo se aten\u00faa, c\u00f3mo se vive de noche y de d\u00eda luchando contra el recuerdo, c\u00f3mo se puede cegar la fuente por la que mana la pena negra?<\/strong><\/p>\n<p><strong>Esta inquietud volv\u00eda cada atentado de ETA. Tras diez a\u00f1os de silencio de las pistolas y sin tener que contar muertos sigo pregunt\u00e1ndome c\u00f3mo fue posible defender el uso de la violencia como medio para lograr un objetivo pol\u00edtico. No encuentro respuesta. Tampoco entiendo c\u00f3mo crearon un clima de miedo que permiti\u00f3 tejer una red de encubridores tan eficaz como moralmente repudiable. Todav\u00eda hoy no admito que la villan\u00eda se aplauda como una heroicidad cuando el sentido com\u00fan advierte que no hay causa, por leg\u00edtima que parezca, que se justifique por la violencia. As\u00ed que diez a\u00f1os despu\u00e9s de la muerte de ETA, con los pistoleros desarmados, sin ajusticiamientos ni asesinatos creo que el dolor se mitiga pero no desaparece. Vencieron la democracia y la ley pero sobre todo triunf\u00f3 la raz\u00f3n. Llenos de dolor, entre todos derrotamos a ETA porque ella sola no se muri\u00f3.<\/strong><\/p>\n<p><strong>O\u00edr a Otegi hoy resulta tan pat\u00e9tico como entonces. Ha tardado diez a\u00f1os en aceptar lo evidente, en tomar consciencia del dolor causado. Menos es nada pero no parece que est\u00e9 avergonzado. Es que, como dir\u00eda mi madre, algunos tienen pelos en el coraz\u00f3n. Reconocer el inmenso error no le devuelve la dignidad perdida, tampoco a nosotros nos cura la n\u00e1usea que produce escucharlo. En el terreno moral \u00e9l y los suyos deben pedir perd\u00f3n y quienes usan el dolor ajeno para conseguir votos debieran conversar con sus conciencias.<\/strong><\/p>\n","protected":false},"excerpt":{"rendered":"<p>Arnaldo Otegi se dirigi\u00f3 a las v\u00edctimas de ETA y les dijo: &#8220;Sentimos su dolor. Nunca debi\u00f3 haberse producido&#8221;. Eso ya lo sab\u00edamos, pero se produjo. Tras escucharle he pensado a menudo en el dolor. Hubo un tiempo en Espa\u00f1a en el que terror y dolor caminaban juntos por la l\u00ednea del horizonte que jam\u00e1s [&hellip;]<\/p>\n","protected":false},"author":28,"featured_media":2576,"comment_status":"open","ping_status":"open","sticky":false,"template":"","format":"standard","meta":[],"categories":[1],"tags":[321,2189,444,2190,860,1388],"_links":{"self":[{"href":"https:\/\/blogs.larioja.com\/entrevisillos\/wp-json\/wp\/v2\/posts\/2574"}],"collection":[{"href":"https:\/\/blogs.larioja.com\/entrevisillos\/wp-json\/wp\/v2\/posts"}],"about":[{"href":"https:\/\/blogs.larioja.com\/entrevisillos\/wp-json\/wp\/v2\/types\/post"}],"author":[{"embeddable":true,"href":"https:\/\/blogs.larioja.com\/entrevisillos\/wp-json\/wp\/v2\/users\/28"}],"replies":[{"embeddable":true,"href":"https:\/\/blogs.larioja.com\/entrevisillos\/wp-json\/wp\/v2\/comments?post=2574"}],"version-history":[{"count":1,"href":"https:\/\/blogs.larioja.com\/entrevisillos\/wp-json\/wp\/v2\/posts\/2574\/revisions"}],"predecessor-version":[{"id":2575,"href":"https:\/\/blogs.larioja.com\/entrevisillos\/wp-json\/wp\/v2\/posts\/2574\/revisions\/2575"}],"wp:featuredmedia":[{"embeddable":true,"href":"https:\/\/blogs.larioja.com\/entrevisillos\/wp-json\/wp\/v2\/media\/2576"}],"wp:attachment":[{"href":"https:\/\/blogs.larioja.com\/entrevisillos\/wp-json\/wp\/v2\/media?parent=2574"}],"wp:term":[{"taxonomy":"category","embeddable":true,"href":"https:\/\/blogs.larioja.com\/entrevisillos\/wp-json\/wp\/v2\/categories?post=2574"},{"taxonomy":"post_tag","embeddable":true,"href":"https:\/\/blogs.larioja.com\/entrevisillos\/wp-json\/wp\/v2\/tags?post=2574"}],"curies":[{"name":"wp","href":"https:\/\/api.w.org\/{rel}","templated":true}]}}