{"id":2581,"date":"2021-11-06T06:00:33","date_gmt":"2021-11-06T04:00:33","guid":{"rendered":"https:\/\/blogs.larioja.com\/entrevisillos\/?p=2581"},"modified":"2021-11-05T22:54:39","modified_gmt":"2021-11-05T20:54:39","slug":"por-que","status":"publish","type":"post","link":"https:\/\/blogs.larioja.com\/entrevisillos\/2021\/11\/06\/por-que\/","title":{"rendered":"\u00bfPor qu\u00e9?"},"content":{"rendered":"<p><strong>Han matado a un ni\u00f1o de nueve a\u00f1os. Alex muri\u00f3 de la forma m\u00e1s siniestra en la que se hace presente la muerte: asesinado. Es el modo m\u00e1s cruel de alcanzar ese final prematuro para \u00e9l y amargo para los suyos. Es imposible describir el ingente dolor que crece alrededor de esa conmoci\u00f3n. Un ni\u00f1o, un inocente ha sido asesinado. Tras el impacto y la incredulidad se esconde la terrible pregunta: \u00bfpor qu\u00e9? Una vida truncada, una familia destrozada y un por qu\u00e9 flotando como una nube negra descargando una terrible tormenta dentro de la cabeza de sus padres y de sus seres queridos.<\/strong><\/p>\n<p><strong>Tras ese &#8216;por qu\u00e9&#8217; buscando razones viene la impotencia de no entender c\u00f3mo ha podido ocurrir, as\u00ed nace otro \u201cpor qu\u00e9\u201d. Nadie sabe qu\u00e9 ocurre dentro de las cabezas de esas personas que entre la bondad y la maldad siempre optan por lo perverso. Hay una decisi\u00f3n planificada y fr\u00eda, una intencionalidad de provocar el sufrimiento ajeno, de matar para satisfacer un instinto. La mente es un universo desconocido que nos niega las respuestas. Nuestra desdicha nace de la inc\u00f3gnita que hace crecer un infinito de amargura, eso es lo que devora por dentro a la familia de Alex y a quienes la acompa\u00f1amos en el duelo.<\/strong><\/p>\n<p><strong>Solo sabemos qui\u00e9n lo ha hecho (presuntamente). El resto no alcanzamos a comprenderlo porque matar es algo que no entra en la cabeza siendo la vida lo \u00fanico que tenemos. Este hombre ya hab\u00eda matado. Francisco Jos\u00e9 Almeida hab\u00eda planificado su acci\u00f3n criminal. Hab\u00eda rumiado el asesinato con la frialdad de un cirujano cuando abre un cuerpo para sanarlo. Almeida utiliz\u00f3 igual precisi\u00f3n para matar a Mar\u00eda del Carmen L\u00f3pez. Sobre su cuerpo clav\u00f3 diecisiete pu\u00f1aladas, una detr\u00e1s de otra y la \u00faltima en el coraz\u00f3n. Tras haberla violado, fue tan salvajemente agredida que el juez opt\u00f3 por las penas m\u00e1s altas por &#8216;la especial crueldad&#8217; de los delitos de asesinato con alevos\u00eda y agresi\u00f3n sexual. Pero, tiempo atr\u00e1s, ya hab\u00eda abusado sexualmente de una ni\u00f1a. Es todo tan obsceno que el tiempo acumula los &#8216;por qu\u00e9&#8217;.<\/strong><\/p>\n<p><strong>Tampoco hay respuestas para el asesinato, en abril, de Isam Haddour, agredido brutalmente por 6 j\u00f3venes de entre 14 y 25 a\u00f1os, dos de ellos menores de un centro tutelado. Lo asaltaron en el parque del Ebro para robarle la bicicleta con la que iba al trabajo, lo dejaron medio muerto y, por si hab\u00eda dudas, volvieron para rematar la faena. Muri\u00f3 tras una larga agon\u00eda. Su familia sigue pregunt\u00e1ndose por qu\u00e9 lo mataron. Isam est\u00e1 muerto, su familia sigue sin respuestas igual que la de Alex. Por qu\u00e9 y por qu\u00e9 a \u00e9l. Hoy ya casi se nos ha olvidado.<\/strong><\/p>\n<p><strong>Es terrible pero, en seis meses, hemos visto en La Rioja c\u00f3mo la violencia y la maldad conviven entre nosotros. A nuestro lado pasean seres despojados de humanidad que act\u00faan como monstruos y solo cuando matan nos preguntamos asombrados por qu\u00e9.<\/strong><\/p>\n","protected":false},"excerpt":{"rendered":"<p>Han matado a un ni\u00f1o de nueve a\u00f1os. Alex muri\u00f3 de la forma m\u00e1s siniestra en la que se hace presente la muerte: asesinado. Es el modo m\u00e1s cruel de alcanzar ese final prematuro para \u00e9l y amargo para los suyos. Es imposible describir el ingente dolor que crece alrededor de esa conmoci\u00f3n. Un ni\u00f1o, [&hellip;]<\/p>\n","protected":false},"author":28,"featured_media":2583,"comment_status":"open","ping_status":"open","sticky":false,"template":"","format":"standard","meta":[],"categories":[1],"tags":[2193,2194,2195,2052,646,2197,1540,2196],"_links":{"self":[{"href":"https:\/\/blogs.larioja.com\/entrevisillos\/wp-json\/wp\/v2\/posts\/2581"}],"collection":[{"href":"https:\/\/blogs.larioja.com\/entrevisillos\/wp-json\/wp\/v2\/posts"}],"about":[{"href":"https:\/\/blogs.larioja.com\/entrevisillos\/wp-json\/wp\/v2\/types\/post"}],"author":[{"embeddable":true,"href":"https:\/\/blogs.larioja.com\/entrevisillos\/wp-json\/wp\/v2\/users\/28"}],"replies":[{"embeddable":true,"href":"https:\/\/blogs.larioja.com\/entrevisillos\/wp-json\/wp\/v2\/comments?post=2581"}],"version-history":[{"count":1,"href":"https:\/\/blogs.larioja.com\/entrevisillos\/wp-json\/wp\/v2\/posts\/2581\/revisions"}],"predecessor-version":[{"id":2582,"href":"https:\/\/blogs.larioja.com\/entrevisillos\/wp-json\/wp\/v2\/posts\/2581\/revisions\/2582"}],"wp:featuredmedia":[{"embeddable":true,"href":"https:\/\/blogs.larioja.com\/entrevisillos\/wp-json\/wp\/v2\/media\/2583"}],"wp:attachment":[{"href":"https:\/\/blogs.larioja.com\/entrevisillos\/wp-json\/wp\/v2\/media?parent=2581"}],"wp:term":[{"taxonomy":"category","embeddable":true,"href":"https:\/\/blogs.larioja.com\/entrevisillos\/wp-json\/wp\/v2\/categories?post=2581"},{"taxonomy":"post_tag","embeddable":true,"href":"https:\/\/blogs.larioja.com\/entrevisillos\/wp-json\/wp\/v2\/tags?post=2581"}],"curies":[{"name":"wp","href":"https:\/\/api.w.org\/{rel}","templated":true}]}}