{"id":2588,"date":"2021-11-20T06:00:53","date_gmt":"2021-11-20T04:00:53","guid":{"rendered":"https:\/\/blogs.larioja.com\/entrevisillos\/?p=2588"},"modified":"2021-11-13T22:06:26","modified_gmt":"2021-11-13T20:06:26","slug":"dignidad-3","status":"publish","type":"post","link":"https:\/\/blogs.larioja.com\/entrevisillos\/2021\/11\/20\/dignidad-3\/","title":{"rendered":"Dignidad"},"content":{"rendered":"<p><strong>Hay tantas tragedias vitales a nuestro alrededor y vivimos a tal velocidad que pronto se nos olvidan si no ponemos rostro a la desgracia. La noticia sobre la anciana de 83 a\u00f1os que se ha suicidado en Zaragoza, sin recibir respuesta a su solicitud para acogerse a la ley de eutanasia, me ha tocado el alma. Es descorazonador imaginar la angustia de esta mujer a la que el dolor ya no le cab\u00eda dentro. \u00bfQu\u00e9 hacer cuando la vida es solo tormento? Cuando al dolor f\u00edsico se une el psicol\u00f3gico, ese que te va comiendo por dentro como una termita, devor\u00e1ndote la cabeza hasta la desesperaci\u00f3n, hasta querer morir para aliviarlo. Cuando el dolor ocupa el d\u00eda y la noche, cuando no puedes moverte, ni salir de tu casa, cuando la vida ya no es vida, sino tortura, cuando el \u00e1nimo no admite el martirio, ni esa historia de que debes aceptar la condena con resignaci\u00f3n. Entiendo que cuando el dolor impide vivir se pueda contemplar la muerte como esperanza liberadora, como aceptaci\u00f3n prematura de un final anticipado desde la cuna.<\/strong><\/p>\n<p><strong>La ley de eutanasia lleg\u00f3 como la primavera y entr\u00f3 en vigor en junio, para dar tiempo al sistema sanitario para organizarse. Fue como un soplo de esperanza para muchos enfermos terminales o de enfermedades degenerativas y un alivio para quienes comparten vivencias extremas de sus seres queridos. El derecho a la muerte digna es algo compartido mayoritariamente por la mayor\u00eda social de este pa\u00eds. Por eso no entiendo lo que ha ocurrido con Emilia. Hace cuatro meses solicit\u00f3, a trav\u00e9s de su hija, acogerse a la ley de eutanasia. No pudo soportar no recibir respuesta. Entiendo el derecho que asiste a los m\u00e9dicos a la objeci\u00f3n de conciencia pero no comprendo que siendo tambi\u00e9n la eutanasia un supuesto contemplado en nuestra legislaci\u00f3n la hayan dejado desasistida. Han vulnerado los derechos de Emilia como si pasando el tiempo fuera a cambiar una decisi\u00f3n tomada reflexivamente. Emilia fue abandonada, el sistema permiti\u00f3 lo que nunca debi\u00f3 ocurrir. Un funcionario p\u00fablico se debe a su conciencia pero no puede ofender la dignidad del paciente.\u00a0<\/strong><\/p>\n<p><strong>No puedo dejar de imaginar a Emilia reviviendo una amargura infinita sin alcanzar la salida digna que esperaba, solo le dejaron un camino que tuvo que recorrer sola. Reuniendo sus \u00faltimas fuerzas, abandonando su cama, arrastr\u00e1ndose hacia la ventana y saltando al vac\u00edo rog\u00f3 a los cielos que el impacto la liberara para siempre del dolor y de la angustia.<\/strong><\/p>\n<p><strong>La tragedia de las historias peque\u00f1as no forma parte de la historia ni de la prensa pero tejen la realidad. Emilia solo quer\u00eda vivir sin dolor pero al ser imposible opt\u00f3, porque el sistema le dio la espalda, por entregarse a la muerte. Como escribe, Steven Johnson, \u201cnos guste o no, el camino que permite a la gente corriente hacerse un hueco en la historia es la muerte\u201d.<\/strong><\/p>\n","protected":false},"excerpt":{"rendered":"<p>Hay tantas tragedias vitales a nuestro alrededor y vivimos a tal velocidad que pronto se nos olvidan si no ponemos rostro a la desgracia. La noticia sobre la anciana de 83 a\u00f1os que se ha suicidado en Zaragoza, sin recibir respuesta a su solicitud para acogerse a la ley de eutanasia, me ha tocado el [&hellip;]<\/p>\n","protected":false},"author":28,"featured_media":2591,"comment_status":"open","ping_status":"open","sticky":false,"template":"","format":"standard","meta":[],"categories":[1],"tags":[2205,321,2203,1784,769,2204,2206],"_links":{"self":[{"href":"https:\/\/blogs.larioja.com\/entrevisillos\/wp-json\/wp\/v2\/posts\/2588"}],"collection":[{"href":"https:\/\/blogs.larioja.com\/entrevisillos\/wp-json\/wp\/v2\/posts"}],"about":[{"href":"https:\/\/blogs.larioja.com\/entrevisillos\/wp-json\/wp\/v2\/types\/post"}],"author":[{"embeddable":true,"href":"https:\/\/blogs.larioja.com\/entrevisillos\/wp-json\/wp\/v2\/users\/28"}],"replies":[{"embeddable":true,"href":"https:\/\/blogs.larioja.com\/entrevisillos\/wp-json\/wp\/v2\/comments?post=2588"}],"version-history":[{"count":1,"href":"https:\/\/blogs.larioja.com\/entrevisillos\/wp-json\/wp\/v2\/posts\/2588\/revisions"}],"predecessor-version":[{"id":2590,"href":"https:\/\/blogs.larioja.com\/entrevisillos\/wp-json\/wp\/v2\/posts\/2588\/revisions\/2590"}],"wp:featuredmedia":[{"embeddable":true,"href":"https:\/\/blogs.larioja.com\/entrevisillos\/wp-json\/wp\/v2\/media\/2591"}],"wp:attachment":[{"href":"https:\/\/blogs.larioja.com\/entrevisillos\/wp-json\/wp\/v2\/media?parent=2588"}],"wp:term":[{"taxonomy":"category","embeddable":true,"href":"https:\/\/blogs.larioja.com\/entrevisillos\/wp-json\/wp\/v2\/categories?post=2588"},{"taxonomy":"post_tag","embeddable":true,"href":"https:\/\/blogs.larioja.com\/entrevisillos\/wp-json\/wp\/v2\/tags?post=2588"}],"curies":[{"name":"wp","href":"https:\/\/api.w.org\/{rel}","templated":true}]}}