{"id":2599,"date":"2021-11-28T12:01:32","date_gmt":"2021-11-28T10:01:32","guid":{"rendered":"https:\/\/blogs.larioja.com\/entrevisillos\/?p=2599"},"modified":"2021-11-28T12:01:32","modified_gmt":"2021-11-28T10:01:32","slug":"almudena-y-la-alegria","status":"publish","type":"post","link":"https:\/\/blogs.larioja.com\/entrevisillos\/2021\/11\/28\/almudena-y-la-alegria\/","title":{"rendered":"Almudena y la alegr\u00eda"},"content":{"rendered":"<p><strong>Almudena Grandes ha fallecido. Cuesta creer que se ha ido a los 61 a\u00f1os cuando cre\u00edamos que le quedaban muchas cosas por contarnos. Se ha ido joven, aunque bien sabemos sus lectores que ella ha vivido muchas vidas y nos las obsequi\u00f3 por entregas, en ese poco a poco que supone la escritura.<\/strong><\/p>\n<p><strong>Desde <em>Las edades de Lul\u00fa<\/em> nos regal\u00f3 muchas otras vidas y una mirada profunda sobre los otros. Ella siempre tuvo una mirada especial sobre las cosas. Su partida nos ha dejado <em>El coraz\u00f3n helado<\/em> en un momento en el que soplan <em>Los aires dif\u00edciles<\/em>.<\/strong><\/p>\n<p><strong>Aunque Almudena, como Emilia Pardo Baz\u00e1n, no tuviera un sitio en la Academia si lo tuvo y lo tiene en el coraz\u00f3n de sus lectores. Espero que la historia de la literatura la recuerde para las generaciones venideras. Gracias por acompa\u00f1arnos al recorrer muchos caminos. Hasta siempre Almudena, te env\u00edo un beso con el mismo cari\u00f1o que nuestros mayores dejaban <em>Los besos en el pan<\/em>.\u00a0Ya sabes que nos dejas tu alegr\u00eda.<\/strong><\/p>\n<p>&nbsp;<\/p>\n","protected":false},"excerpt":{"rendered":"<p>Almudena Grandes ha fallecido. Cuesta creer que se ha ido a los 61 a\u00f1os cuando cre\u00edamos que le quedaban muchas cosas por contarnos. Se ha ido joven, aunque bien sabemos sus lectores que ella ha vivido muchas vidas y nos las obsequi\u00f3 por entregas, en ese poco a poco que supone la escritura. Desde Las [&hellip;]<\/p>\n","protected":false},"author":28,"featured_media":2601,"comment_status":"open","ping_status":"open","sticky":false,"template":"","format":"standard","meta":[],"categories":[1],"tags":[2207,2209,2208],"_links":{"self":[{"href":"https:\/\/blogs.larioja.com\/entrevisillos\/wp-json\/wp\/v2\/posts\/2599"}],"collection":[{"href":"https:\/\/blogs.larioja.com\/entrevisillos\/wp-json\/wp\/v2\/posts"}],"about":[{"href":"https:\/\/blogs.larioja.com\/entrevisillos\/wp-json\/wp\/v2\/types\/post"}],"author":[{"embeddable":true,"href":"https:\/\/blogs.larioja.com\/entrevisillos\/wp-json\/wp\/v2\/users\/28"}],"replies":[{"embeddable":true,"href":"https:\/\/blogs.larioja.com\/entrevisillos\/wp-json\/wp\/v2\/comments?post=2599"}],"version-history":[{"count":2,"href":"https:\/\/blogs.larioja.com\/entrevisillos\/wp-json\/wp\/v2\/posts\/2599\/revisions"}],"predecessor-version":[{"id":2602,"href":"https:\/\/blogs.larioja.com\/entrevisillos\/wp-json\/wp\/v2\/posts\/2599\/revisions\/2602"}],"wp:featuredmedia":[{"embeddable":true,"href":"https:\/\/blogs.larioja.com\/entrevisillos\/wp-json\/wp\/v2\/media\/2601"}],"wp:attachment":[{"href":"https:\/\/blogs.larioja.com\/entrevisillos\/wp-json\/wp\/v2\/media?parent=2599"}],"wp:term":[{"taxonomy":"category","embeddable":true,"href":"https:\/\/blogs.larioja.com\/entrevisillos\/wp-json\/wp\/v2\/categories?post=2599"},{"taxonomy":"post_tag","embeddable":true,"href":"https:\/\/blogs.larioja.com\/entrevisillos\/wp-json\/wp\/v2\/tags?post=2599"}],"curies":[{"name":"wp","href":"https:\/\/api.w.org\/{rel}","templated":true}]}}