{"id":2604,"date":"2021-12-04T06:00:28","date_gmt":"2021-12-04T04:00:28","guid":{"rendered":"https:\/\/blogs.larioja.com\/entrevisillos\/?p=2604"},"modified":"2021-12-02T20:29:14","modified_gmt":"2021-12-02T18:29:14","slug":"el-corazon-helado","status":"publish","type":"post","link":"https:\/\/blogs.larioja.com\/entrevisillos\/2021\/12\/04\/el-corazon-helado\/","title":{"rendered":"El coraz\u00f3n helado"},"content":{"rendered":"<p><strong>Permitid a los seres humanos ser iguales en la tierra como en el cielo, por eso luch\u00f3 Josephine Baker. Hoy que corren malos tiempos para la igualdad, Francia ha abierto las puertas del Pante\u00f3n de Par\u00eds a la \u201cvenus de bronce\u201d. La Baker descansa junto a lo m\u00e1s granado de la cultura francesa. Est\u00e1 con Voltaire, Jean-Jacques Rousseau, Victor Hugo, \u00c9mile Zola, Alejandro Dumas o Marie Curie. Es la sexta mujer que recibe este honor, la \u00fanica negra entre los casi 80 h\u00e9roes nacionales. Lleg\u00f3 de EEUU y sedujo a Francia con su provocativa danza pero fue tambi\u00e9n una hero\u00edna de la 2\u00aa guerra mundial, como subteniente del cuerpo Auxiliar de Mujeres de la Fuerza A\u00e9rea francesa. Sirvi\u00f3 como esp\u00eda a la Resistencia y a los aliados. Charles de Gaulle se lo agradeci\u00f3 con la Legi\u00f3n de Honor y la Medalla de la Resistencia. Ya ven, Josephine era negra y no hab\u00eda nacido en Francia pero hizo m\u00e1s por la libertad que muchos colaboracionistas de los nazis durante la ocupaci\u00f3n. Sabemos que la grandeza de las personas no la da ni la raza ni el lugar de nacimiento pero es bueno record\u00e1rselo a algunos patriotas de pacotilla.<\/strong><\/p>\n<p><strong>\u00a0\u00a0\u00a0\u00a0\u00a0\u00a0\u00a0\u00a0\u00a0\u00a0\u00a0 Estas cosas consuelan de otras decepciones. \u00bfAd\u00f3nde vamos en Espa\u00f1a por estos caminos de odio en los que andamos? Es imposible no hacerse esa pregunta viendo cosas que dejan el coraz\u00f3n helado. Ha muerto Almudena Grandes, una estupenda escritora, reconocida y premiada adem\u00e1s de popular y querida. Una mujer comprometida con los derechos civiles, orgullosa de su Madrid y de su tierra. Ni el alcalde ni la presidenta de Madrid han tenido el detalle de lamentar su prematuro fallecimiento a los 61 a\u00f1os ni han querido dar el p\u00e9same a su familia. Disponiendo ambos de un gran aparato de comunicaci\u00f3n, no cabe duda de que se trata de una decisi\u00f3n sopesada y deliberada.<\/strong><\/p>\n<p><strong>\u00a0\u00a0\u00a0\u00a0\u00a0\u00a0\u00a0\u00a0\u00a0\u00a0\u00a0 Pablo Casado se ha situado por encima de estas miserias mostrando sus condolencias pero Ayuso y Almeida han elegido el terreno de la ignominia. Adem\u00e1s de mala educaci\u00f3n, su silencio trasluce una mezquindad infinita. Tanto hablar de libertad y por lo visto no saben que la libertad de pensamiento es la primera. Parece que se no se puede ser de izquierdas sin que te menosprecien. Almudena era roja y comprometida con la igualdad, siempre fue de frente, como debe ir todo el que ama la libertad. \u00bfQu\u00e9 ocurre en este pa\u00eds? \u00bfQu\u00e9 enfermedad nos carcome que ni el p\u00e9same se puede dar al que piensa distinto?<\/strong><\/p>\n<p><strong>\u00a0\u00a0\u00a0\u00a0\u00a0\u00a0\u00a0\u00a0\u00a0\u00a0\u00a0 La ruindad de estos silencios, la chuler\u00eda vergonzosa del desprecio dar\u00e1 votos pero no lava la indignidad. Cuando el tiempo pase, cuando el horizonte de la historia alumbre el primer cuarto del siglo XXI, Almudena, como Gald\u00f3s, se estudiar\u00e1 en los libros de literatura. Almeida y Ayuso ser\u00e1n una nota a pie de p\u00e1gina porque el olvido es la justicia de la historia. El odio no puede seguir siendo el alimento de la pol\u00edtica.<\/strong><\/p>\n","protected":false},"excerpt":{"rendered":"<p>Permitid a los seres humanos ser iguales en la tierra como en el cielo, por eso luch\u00f3 Josephine Baker. Hoy que corren malos tiempos para la igualdad, Francia ha abierto las puertas del Pante\u00f3n de Par\u00eds a la \u201cvenus de bronce\u201d. La Baker descansa junto a lo m\u00e1s granado de la cultura francesa. Est\u00e1 con [&hellip;]<\/p>\n","protected":false},"author":28,"featured_media":2606,"comment_status":"open","ping_status":"open","sticky":false,"template":"","format":"standard","meta":[],"categories":[1],"tags":[2207,2210,401,482,2212,2211,2214,2213,881],"_links":{"self":[{"href":"https:\/\/blogs.larioja.com\/entrevisillos\/wp-json\/wp\/v2\/posts\/2604"}],"collection":[{"href":"https:\/\/blogs.larioja.com\/entrevisillos\/wp-json\/wp\/v2\/posts"}],"about":[{"href":"https:\/\/blogs.larioja.com\/entrevisillos\/wp-json\/wp\/v2\/types\/post"}],"author":[{"embeddable":true,"href":"https:\/\/blogs.larioja.com\/entrevisillos\/wp-json\/wp\/v2\/users\/28"}],"replies":[{"embeddable":true,"href":"https:\/\/blogs.larioja.com\/entrevisillos\/wp-json\/wp\/v2\/comments?post=2604"}],"version-history":[{"count":1,"href":"https:\/\/blogs.larioja.com\/entrevisillos\/wp-json\/wp\/v2\/posts\/2604\/revisions"}],"predecessor-version":[{"id":2605,"href":"https:\/\/blogs.larioja.com\/entrevisillos\/wp-json\/wp\/v2\/posts\/2604\/revisions\/2605"}],"wp:featuredmedia":[{"embeddable":true,"href":"https:\/\/blogs.larioja.com\/entrevisillos\/wp-json\/wp\/v2\/media\/2606"}],"wp:attachment":[{"href":"https:\/\/blogs.larioja.com\/entrevisillos\/wp-json\/wp\/v2\/media?parent=2604"}],"wp:term":[{"taxonomy":"category","embeddable":true,"href":"https:\/\/blogs.larioja.com\/entrevisillos\/wp-json\/wp\/v2\/categories?post=2604"},{"taxonomy":"post_tag","embeddable":true,"href":"https:\/\/blogs.larioja.com\/entrevisillos\/wp-json\/wp\/v2\/tags?post=2604"}],"curies":[{"name":"wp","href":"https:\/\/api.w.org\/{rel}","templated":true}]}}