{"id":2608,"date":"2021-12-11T06:00:50","date_gmt":"2021-12-11T04:00:50","guid":{"rendered":"https:\/\/blogs.larioja.com\/entrevisillos\/?p=2608"},"modified":"2021-12-10T18:27:02","modified_gmt":"2021-12-10T16:27:02","slug":"volver-en-navidad","status":"publish","type":"post","link":"https:\/\/blogs.larioja.com\/entrevisillos\/2021\/12\/11\/volver-en-navidad\/","title":{"rendered":"Volver en Navidad"},"content":{"rendered":"<p><strong>Seg\u00fan los anuncios de la tele si te has ido lejos la mejor \u00e9poca para volver a casa es la Navidad. Dicen que es tiempo propicio a los perdones y a eso de pelillos a la mar, aunque abunden m\u00e1s las m\u00e1scaras que en Carnaval. El anuncio filtrado a los medios de comunicaci\u00f3n de que el rey Juan Carlos I quiere volver a Espa\u00f1a es una forma de testar el \u00e1nimo de los espa\u00f1oles. En <em>roman paladino<\/em> la mano que mece la cuna de la monarqu\u00eda quiere saber si el horno y el trono est\u00e1n para bollos. No vaya a ser que se nos queme el pastel.<\/strong><\/p>\n<p><strong>\u00a0\u00a0\u00a0\u00a0\u00a0\u00a0\u00a0\u00a0\u00a0\u00a0\u00a0 Un d\u00eda de sol ardiente el antiguo rey de Espa\u00f1a decidi\u00f3 irse a oriente sin que nadie se lo pidiera. Todos fuimos conscientes de que hab\u00eda puesto pies en polvorosa. Parti\u00f3 como si fuera un Aquiles de pies ligeros y con el sigilo de quien conoce el pecado que ha cometido y teme que descubran la magnitud de la falta. Ya saben que la verg\u00fcenza impide mirar de frente, y \u00e9l, por mucho rey que fuera, no pod\u00eda mirarnos a la cara sin sonrojarse. As\u00ed fue que se nos qued\u00f3 en la boca un cierto regusto a almendras amargas.<\/strong><\/p>\n<p><strong>\u00a0\u00a0\u00a0\u00a0\u00a0\u00a0\u00a0\u00a0\u00a0\u00a0\u00a0 Mientras el rey em\u00e9rito se instalaba en Abu-Dabi, capital de los Emiratos \u00c1rabes Unidos, una explosi\u00f3n de esc\u00e1ndalos, como una bomba racimo, nos dejaba boquiabiertos. Todav\u00eda recuerdo lo de la m\u00e1quina para contar la montonera de billetes procedentes de presuntas comisiones que, seg\u00fan la versi\u00f3n de Corinna, la ex-amante del ex-rey de Espa\u00f1a, hab\u00eda en la Zarzuela. Todos lo imaginamos sumando los 65 millones que le hab\u00eda transferido como prueba de su amor.<\/strong><\/p>\n<p><strong>\u00a0\u00a0\u00a0\u00a0\u00a0\u00a0\u00a0\u00a0\u00a0\u00a0\u00a0 Cuando amaina el temporal judicial y la desmemoria ha cubierto el eco de sus haza\u00f1as de avaricia y de bragueta, el rey quiere volver a una Espa\u00f1a que ha perdido la inocencia. Juan Carlos I quiere regresar a palacio y con una asignaci\u00f3n p\u00fablica para sus gastos. Nadie puede negarle sus m\u00e9ritos del pasado, igual que no pueden ocultarse los errores del presente. Juan Carlos I dilapid\u00f3 su prestigio, nos decepcion\u00f3 y ahora alega en sus juicios pendientes la inmunidad que confundi\u00f3 con la impunidad. En la madurez democr\u00e1tica la ciudadan\u00eda ya no acepta el ocultamiento de sus irregularidades, bastante tiene con sobrevivir a la crisis y a la desigualdad que la pandemia ha provocado. La gente quiere saber la verdad aunque habr\u00eda preferido que su rey hubiera tenido el comportamiento ejemplar que el cargo se merece. En el aire queda una pregunta: \u00bfha fallado la monarqu\u00eda parlamentaria o quien la representaba? Es disparatado pretender hacer borr\u00f3n y cuenta nueva. La gente quiere saber toda la verdad, la que se ha ocultado para proteger a Juan Carlos I, no a la monarqu\u00eda.<\/strong><\/p>\n<p><strong>\u00a0\u00a0\u00a0\u00a0\u00a0\u00a0\u00a0\u00a0\u00a0\u00a0\u00a0 Si quiere volver de oriente, h\u00e1galo, pero no espere que vayamos a recibirlo con aplausos como a los reyes magos. No traiga oro, ni incienso, ni mirra, solo arrestos\u00a0 para aceptar el desafecto que sus desvar\u00edos sembraron.<\/strong><\/p>\n<p>&nbsp;<\/p>\n","protected":false},"excerpt":{"rendered":"<p>Seg\u00fan los anuncios de la tele si te has ido lejos la mejor \u00e9poca para volver a casa es la Navidad. Dicen que es tiempo propicio a los perdones y a eso de pelillos a la mar, aunque abunden m\u00e1s las m\u00e1scaras que en Carnaval. El anuncio filtrado a los medios de comunicaci\u00f3n de que [&hellip;]<\/p>\n","protected":false},"author":28,"featured_media":2609,"comment_status":"open","ping_status":"open","sticky":false,"template":"","format":"standard","meta":[],"categories":[1],"tags":[2218,84,2220,236,286,2219,753,2217,2216,2215],"_links":{"self":[{"href":"https:\/\/blogs.larioja.com\/entrevisillos\/wp-json\/wp\/v2\/posts\/2608"}],"collection":[{"href":"https:\/\/blogs.larioja.com\/entrevisillos\/wp-json\/wp\/v2\/posts"}],"about":[{"href":"https:\/\/blogs.larioja.com\/entrevisillos\/wp-json\/wp\/v2\/types\/post"}],"author":[{"embeddable":true,"href":"https:\/\/blogs.larioja.com\/entrevisillos\/wp-json\/wp\/v2\/users\/28"}],"replies":[{"embeddable":true,"href":"https:\/\/blogs.larioja.com\/entrevisillos\/wp-json\/wp\/v2\/comments?post=2608"}],"version-history":[{"count":1,"href":"https:\/\/blogs.larioja.com\/entrevisillos\/wp-json\/wp\/v2\/posts\/2608\/revisions"}],"predecessor-version":[{"id":2610,"href":"https:\/\/blogs.larioja.com\/entrevisillos\/wp-json\/wp\/v2\/posts\/2608\/revisions\/2610"}],"wp:featuredmedia":[{"embeddable":true,"href":"https:\/\/blogs.larioja.com\/entrevisillos\/wp-json\/wp\/v2\/media\/2609"}],"wp:attachment":[{"href":"https:\/\/blogs.larioja.com\/entrevisillos\/wp-json\/wp\/v2\/media?parent=2608"}],"wp:term":[{"taxonomy":"category","embeddable":true,"href":"https:\/\/blogs.larioja.com\/entrevisillos\/wp-json\/wp\/v2\/categories?post=2608"},{"taxonomy":"post_tag","embeddable":true,"href":"https:\/\/blogs.larioja.com\/entrevisillos\/wp-json\/wp\/v2\/tags?post=2608"}],"curies":[{"name":"wp","href":"https:\/\/api.w.org\/{rel}","templated":true}]}}