{"id":2623,"date":"2022-01-08T06:00:34","date_gmt":"2022-01-08T04:00:34","guid":{"rendered":"https:\/\/blogs.larioja.com\/entrevisillos\/?p=2623"},"modified":"2022-01-07T21:05:58","modified_gmt":"2022-01-07T19:05:58","slug":"el-presupuesto","status":"publish","type":"post","link":"https:\/\/blogs.larioja.com\/entrevisillos\/2022\/01\/08\/el-presupuesto\/","title":{"rendered":"El presupuesto"},"content":{"rendered":"<p><strong>El 4 de enero de 1920 muri\u00f3 Benito P\u00e9rez Gald\u00f3s. Un siglo despu\u00e9s nadie discute la calidad de su inmensa obra literaria que retrata la variada esencia de la sociedad espa\u00f1ola de su tiempo. Sin embargo, Gald\u00f3s tuvo grandes detractores entre sus contempor\u00e1neos. La inquina contra \u00e9l suscit\u00f3 un virulento movimiento para evitar que le dieran el premio Nobel de Literatura en 1913. Desde las filas del conservadurismo, con ayuda de la prensa ultracat\u00f3lica y el peri\u00f3dico <em>El Siglo Futuro<\/em> a la cabeza, se promovi\u00f3 una campa\u00f1a para desacreditarlo ante la Academia Sueca enviando cartas contra \u00e9l. Le acusaban de ser anticat\u00f3lico, revolucionario y sectario. Puede decirse que Gald\u00f3s no tiene el premio Nobel porque Espa\u00f1a se lo neg\u00f3 en las tres ocasiones en que estuvo a punto de obtenerlo. Mejor un extranjero que un espa\u00f1ol que no piensa como yo. Triunf\u00f3 la estupidez sobre la lucidez y es que en este pa\u00eds somos m\u00e1s de peleas sectarias e in\u00fatiles que de solventar diferencias en beneficio de todos. El cainismo end\u00e9mico y darnos de bofetadas hasta herirnos es nuestra habitual costumbre. Parece que disfrutamos del da\u00f1o que hacemos a los dem\u00e1s sin ver que nos lo hacemos a nosotros mismos. La intolerancia como bandera. \u00a1Qu\u00e9 disparate!<\/strong><\/p>\n<p><strong>\u00a0\u00a0\u00a0\u00a0\u00a0\u00a0\u00a0\u00a0\u00a0\u00a0\u00a0 El 27 de noviembre pasado muri\u00f3 Almudena Grandes a los 61 a\u00f1os dejando una enorme tristeza no solo en su familia sino tambi\u00e9n entre sus lectores. No hay duda de que la noticia ha conmovido a muchos y ha mostrado lo peor de otros. Sin ella saberlo ni quererlo, desde la fr\u00eda tumba que ocupa tan temprano se ha visto envuelta en una pol\u00e9mica de mal gusto. Como su querido Gald\u00f3s, Almudena se ha convertido en el objetivo de una pelea de insensateces entre los que utilizan su recuerdo y quienes quisieran borrarlo. Una nueva tristeza a\u00f1adida al dolor de su viudo, el poeta Luis Garc\u00eda Montero, que bastante tiene con superar el duelo.<\/strong><\/p>\n<p><strong>\u00a0\u00a0\u00a0\u00a0\u00a0\u00a0\u00a0\u00a0\u00a0\u00a0\u00a0 Las declaraciones del alcalde de Madrid sobre la falta de m\u00e9ritos de Almudena Grandes para ser hija predilecta de la Villa muestran el talante cainita al que me he referido antes. No creo que a Almudena Grandes le preocupara lo m\u00e1s m\u00ednimo la obtenci\u00f3n de ese galard\u00f3n pero seguro que estar\u00eda molesta si conociera el mercadeo que se ha generado en torno a su figura. No ha habido empacho en aceptar su nombramiento a cambio de que los tr\u00e1nsfugas de <em>M\u00e1s Madrid<\/em> votaran el presupuesto de Mart\u00ednez Almeida. El alcalde, tan oportuno \u00e9l, ha declarado, a rengl\u00f3n seguido, que Almudena carece de m\u00e9ritos. Ha dejado claro que gracias a tan bajo precio \u00e9l ya tiene aprobado su presupuesto. Todo es de una bajeza que hiere y que demuestra no que \u201cnegociar es ceder\u201d sino que hoy en pol\u00edtica cualquier precio es peque\u00f1o para seguir en el poder.\u00a0 Como ya escribi\u00f3 Gald\u00f3s hay en pol\u00edtica quienes \u201cno aspiran m\u00e1s que a pastar en el presupuesto\u201d.<\/strong><\/p>\n<p style=\"text-align: center;\"><a href=\"https:\/\/static-blogs.larioja.com\/wp-content\/uploads\/sites\/25\/2022\/01\/martinez-almeida.jpeg\"><img loading=\"lazy\" class=\"size-full wp-image-2625 aligncenter\" src=\"https:\/\/static-blogs.larioja.com\/wp-content\/uploads\/sites\/25\/2022\/01\/martinez-almeida.jpeg\" alt=\"\" width=\"820\" height=\"460\" srcset=\"https:\/\/static-blogs.larioja.com\/wp-content\/uploads\/sites\/25\/2022\/01\/martinez-almeida.jpeg 820w, https:\/\/static-blogs.larioja.com\/wp-content\/uploads\/sites\/25\/2022\/01\/martinez-almeida-300x168.jpeg 300w, https:\/\/static-blogs.larioja.com\/wp-content\/uploads\/sites\/25\/2022\/01\/martinez-almeida-768x431.jpeg 768w\" sizes=\"(max-width: 820px) 100vw, 820px\" \/><\/a><\/p>\n<p><strong>\u00a0\u00a0\u00a0\u00a0\u00a0\u00a0\u00a0\u00a0\u00a0\u00a0\u00a0<\/strong><\/p>\n<p><strong>\u00a0\u00a0\u00a0\u00a0\u00a0\u00a0\u00a0\u00a0\u00a0\u00a0\u00a0 <\/strong><\/p>\n","protected":false},"excerpt":{"rendered":"<p>El 4 de enero de 1920 muri\u00f3 Benito P\u00e9rez Gald\u00f3s. Un siglo despu\u00e9s nadie discute la calidad de su inmensa obra literaria que retrata la variada esencia de la sociedad espa\u00f1ola de su tiempo. Sin embargo, Gald\u00f3s tuvo grandes detractores entre sus contempor\u00e1neos. La inquina contra \u00e9l suscit\u00f3 un virulento movimiento para evitar que le [&hellip;]<\/p>\n","protected":false},"author":28,"featured_media":2624,"comment_status":"open","ping_status":"open","sticky":false,"template":"","format":"standard","meta":[],"categories":[1],"tags":[2207,1815,2237,2238,2239,2240,2241,1565],"_links":{"self":[{"href":"https:\/\/blogs.larioja.com\/entrevisillos\/wp-json\/wp\/v2\/posts\/2623"}],"collection":[{"href":"https:\/\/blogs.larioja.com\/entrevisillos\/wp-json\/wp\/v2\/posts"}],"about":[{"href":"https:\/\/blogs.larioja.com\/entrevisillos\/wp-json\/wp\/v2\/types\/post"}],"author":[{"embeddable":true,"href":"https:\/\/blogs.larioja.com\/entrevisillos\/wp-json\/wp\/v2\/users\/28"}],"replies":[{"embeddable":true,"href":"https:\/\/blogs.larioja.com\/entrevisillos\/wp-json\/wp\/v2\/comments?post=2623"}],"version-history":[{"count":1,"href":"https:\/\/blogs.larioja.com\/entrevisillos\/wp-json\/wp\/v2\/posts\/2623\/revisions"}],"predecessor-version":[{"id":2626,"href":"https:\/\/blogs.larioja.com\/entrevisillos\/wp-json\/wp\/v2\/posts\/2623\/revisions\/2626"}],"wp:featuredmedia":[{"embeddable":true,"href":"https:\/\/blogs.larioja.com\/entrevisillos\/wp-json\/wp\/v2\/media\/2624"}],"wp:attachment":[{"href":"https:\/\/blogs.larioja.com\/entrevisillos\/wp-json\/wp\/v2\/media?parent=2623"}],"wp:term":[{"taxonomy":"category","embeddable":true,"href":"https:\/\/blogs.larioja.com\/entrevisillos\/wp-json\/wp\/v2\/categories?post=2623"},{"taxonomy":"post_tag","embeddable":true,"href":"https:\/\/blogs.larioja.com\/entrevisillos\/wp-json\/wp\/v2\/tags?post=2623"}],"curies":[{"name":"wp","href":"https:\/\/api.w.org\/{rel}","templated":true}]}}