{"id":2631,"date":"2022-01-22T06:00:04","date_gmt":"2022-01-22T04:00:04","guid":{"rendered":"https:\/\/blogs.larioja.com\/entrevisillos\/?p=2631"},"modified":"2022-01-22T00:51:00","modified_gmt":"2022-01-21T22:51:00","slug":"las-vacas-y-el-tren","status":"publish","type":"post","link":"https:\/\/blogs.larioja.com\/entrevisillos\/2022\/01\/22\/las-vacas-y-el-tren\/","title":{"rendered":"Las vacas y el tren"},"content":{"rendered":"<p><strong>\u00a0 \u00a0 \u00a0 \u00a0El nivel del debate pol\u00edtico en la plaza p\u00fablica en la actualidad es tan trivial que es imposible no sentirse solidario con I\u00f1aki Gabilondo cuando se retir\u00f3 \u201cempachado\u201d del nivel argumentativo que ve\u00eda. Y es que creo que tanta necedad empalaga.<\/strong><\/p>\n<p><strong>\u00a0 \u00a0 \u00a0 \u00a0 \u00a0 El l\u00edo sobre las macrogranjas en el que llevamos en bucle semanas es un buen ejemplo de c\u00f3mo cada cual habla de lo que le interesa con la escusa de la tonter\u00eda que dicen que el otro dijo. As\u00ed que se ha puesto de moda visitar granjas de vacas. Claro que solo se visitan las de las vacas amorosamente cuidadas por sus vaqueros. Yo me cri\u00e9 entre vacas lecheras, ten\u00edan sus nombres y sus peculiaridades. La vaca Luna, por ejemplo, se diferenciaba de la vaca Tomasa en la disposici\u00f3n de sus manchas y luego estaba la Tozuda que te daba con el rabo cuando te despistabas. Te miraban todas como conoci\u00e9ndote y yo siempre cre\u00ed que as\u00ed era. Bien saben las vacas que no todas viven igual y que tambi\u00e9n entre ellas hay clases aunque, como nosotros, no sepan por qu\u00e9, y as\u00ed llevamos siglos estudiando las relaciones de poder. Pero no nos despistemos. Si las vacas saben que no todas son tratadas igual, m\u00e1s lo saben los vaqueros de siempre, los pastores, los agricultores, los pescadores y todo el sector primario en general que de ellos solo se acuerdan cuando huele a elecciones. Despu\u00e9s todo queda en el olvido mientras ellos siguen peleando por cuadrar los costes de producci\u00f3n con los precios de venta para que la rentabilidad de su explotaci\u00f3n les permita vivir.<\/strong><\/p>\n<p><strong>\u00a0\u00a0\u00a0\u00a0\u00a0\u00a0\u00a0\u00a0\u00a0\u00a0\u00a0 Est\u00e1n las vacas y los vaqueros hartos de recibir visitas y televisiones y yo, como la mayor\u00eda, harta de escuchar banalidades. Cre\u00ed que era bueno mirar para otro lado y se me ocurri\u00f3 contemplar el deporte para desempacharme de tanta necedad. Me encontr\u00e9 con Djokovic, ese grande que se ha hecho peque\u00f1o a s\u00ed mismo y al que su chuler\u00eda ha derrotado. Y as\u00ed descubr\u00ed algo sorprendente. En este pa\u00eds, en el que se compite por demostrar qui\u00e9n es m\u00e1s espa\u00f1ol que el vecino, he escuchado a algunos que presumen de patriotas criticar de forma descarnada a Rafa Nadal, uno de nuestros mejores deportistas, por mostrarse sensato en el caso del antivacunas Djokovic. Est\u00e1n en su derecho de defender al serbio pero, \u00bfpor qu\u00e9 limitar la libertad de Nadal? Y es que, como con las vacas, no salgo de mi asombro. Tampoco entiendo que no se haya armado la mundial con la celebraci\u00f3n de la Supercopa en Arabia Saud\u00ed privando a los espa\u00f1oles de su propio torneo. Ya se sabe que es una dictadura que vulnera los derechos humanos pero tambi\u00e9n sabe todo el mundo que su dinero enriqueci\u00f3 al anterior rey de Espa\u00f1a y ahora llena las carteras de la Real Federaci\u00f3n Espa\u00f1ola de F\u00fatbol. Por menos en este pa\u00eds se monta una marimorena de indignaci\u00f3n. Entre tanto ruido y tanto silencio me siento como las vacas mirando al tren.<\/strong><\/p>\n","protected":false},"excerpt":{"rendered":"<p>\u00a0 \u00a0 \u00a0 \u00a0El nivel del debate pol\u00edtico en la plaza p\u00fablica en la actualidad es tan trivial que es imposible no sentirse solidario con I\u00f1aki Gabilondo cuando se retir\u00f3 \u201cempachado\u201d del nivel argumentativo que ve\u00eda. Y es que creo que tanta necedad empalaga. \u00a0 \u00a0 \u00a0 \u00a0 \u00a0 El l\u00edo sobre las macrogranjas en [&hellip;]<\/p>\n","protected":false},"author":28,"featured_media":2633,"comment_status":"open","ping_status":"open","sticky":false,"template":"","format":"standard","meta":[],"categories":[1],"tags":[2249,2250,2029,2247,1888,2248,2246,1131],"_links":{"self":[{"href":"https:\/\/blogs.larioja.com\/entrevisillos\/wp-json\/wp\/v2\/posts\/2631"}],"collection":[{"href":"https:\/\/blogs.larioja.com\/entrevisillos\/wp-json\/wp\/v2\/posts"}],"about":[{"href":"https:\/\/blogs.larioja.com\/entrevisillos\/wp-json\/wp\/v2\/types\/post"}],"author":[{"embeddable":true,"href":"https:\/\/blogs.larioja.com\/entrevisillos\/wp-json\/wp\/v2\/users\/28"}],"replies":[{"embeddable":true,"href":"https:\/\/blogs.larioja.com\/entrevisillos\/wp-json\/wp\/v2\/comments?post=2631"}],"version-history":[{"count":2,"href":"https:\/\/blogs.larioja.com\/entrevisillos\/wp-json\/wp\/v2\/posts\/2631\/revisions"}],"predecessor-version":[{"id":2635,"href":"https:\/\/blogs.larioja.com\/entrevisillos\/wp-json\/wp\/v2\/posts\/2631\/revisions\/2635"}],"wp:featuredmedia":[{"embeddable":true,"href":"https:\/\/blogs.larioja.com\/entrevisillos\/wp-json\/wp\/v2\/media\/2633"}],"wp:attachment":[{"href":"https:\/\/blogs.larioja.com\/entrevisillos\/wp-json\/wp\/v2\/media?parent=2631"}],"wp:term":[{"taxonomy":"category","embeddable":true,"href":"https:\/\/blogs.larioja.com\/entrevisillos\/wp-json\/wp\/v2\/categories?post=2631"},{"taxonomy":"post_tag","embeddable":true,"href":"https:\/\/blogs.larioja.com\/entrevisillos\/wp-json\/wp\/v2\/tags?post=2631"}],"curies":[{"name":"wp","href":"https:\/\/api.w.org\/{rel}","templated":true}]}}