{"id":2645,"date":"2022-02-12T06:00:13","date_gmt":"2022-02-12T04:00:13","guid":{"rendered":"https:\/\/blogs.larioja.com\/entrevisillos\/?p=2645"},"modified":"2022-02-11T19:08:53","modified_gmt":"2022-02-11T17:08:53","slug":"pecadores","status":"publish","type":"post","link":"https:\/\/blogs.larioja.com\/entrevisillos\/2022\/02\/12\/pecadores\/","title":{"rendered":"Pecadores"},"content":{"rendered":"<p><strong>Tarde o temprano la verdad aflora por mucho que trate de ocultarse y m\u00e1s cuando los indicios la hacen evidente. La Iglesia cat\u00f3lica, en el caso de los abusos a menores, debiera no solo saberlo sino remediarlo. La \u00fanica forma que hay en la vida de superar el delito, la falta o la culpa es afrontarlos con entereza y tambi\u00e9n con humildad. Lleva a\u00f1os la jerarqu\u00eda eclesi\u00e1stica mareando la perdiz y cerrando los ojos a la evidencia. Ni el hoy borra el ayer, ni el da\u00f1o lo anula el tiempo. Olvida la Iglesia, usando su lenguaje, que en su seno ha habido muchos pecadores de dif\u00edcil perd\u00f3n. Niega con su desidia la compasi\u00f3n a las v\u00edctimas y elude su responsabilidad.<\/strong><\/p>\n<p><strong>\u00a0\u00a0\u00a0\u00a0\u00a0\u00a0\u00a0\u00a0\u00a0\u00a0\u00a0 Muchas v\u00edctimas, sobreponi\u00e9ndose al dolor, nos han contado lo que padecieron y las dificultades que superar el abuso ha supuesto en sus vidas truncadas. Muchos se han quemado en su propia angustia. A estas alturas, negar la enorme dimensi\u00f3n del problema solo puede entenderse desde la hipocres\u00eda. La mayor\u00eda de ciudadanos no precisa de ning\u00fan tipo de estudio para ser conscientes de que muchos ni\u00f1os y ni\u00f1as, peque\u00f1os o adolescentes, fueron violados o abusados vali\u00e9ndose de una superioridad que los intimidaba en la relaci\u00f3n con el depredador. Que el pecado y el delito han convivido en la Iglesia es evidente, por eso una investigaci\u00f3n sin tapujos puede y debe ayudar a conocer la dimensi\u00f3n real de lo ocurrido. Adem\u00e1s servir\u00eda para dar apoyo y consuelo a las v\u00edctimas. \u00a1Qu\u00e9 menos!, \u00bfno les parece?<\/strong><\/p>\n<p><strong>\u00a0\u00a0\u00a0\u00a0\u00a0\u00a0\u00a0\u00a0\u00a0\u00a0\u00a0 Creo como el jesuita alem\u00e1n Hans Zollner, miembro de la comisi\u00f3n para la Protecci\u00f3n de menores creada por el papa Francisco, que \u201csi la Iglesia no cumple con su deber, ser\u00e1n otros quienes lo hagan\u201d. Es una verdad como un templo, nunca mejor dicho. Si la Iglesia espa\u00f1ola no act\u00faa, otros deber\u00e1n hacerlo por solidaridad con las v\u00edctimas y porque es de justicia darles la reparaci\u00f3n moral y legal que merecen y\u00a0 esperan cuando esto es ya un clamor imparable. La Iglesia espa\u00f1ola debe abrirse a investigar hasta el final, es lo mejor que puede hacer para poder dirigirse a la poblaci\u00f3n sin sonrojarse. Eludir la verdad es simple y llanamente abrazarse a una mentira para consolarse. Quienes han avergonzado a la Iglesia cat\u00f3lica no son quienes buscan la verdad sino quienes cometieron los abusos y quienes los encubren por acci\u00f3n o por omisi\u00f3n. Urge crear una comisi\u00f3n independiente que act\u00fae sin interferencias y que con sus conclusiones la Iglesia y los poderes p\u00fablicos act\u00faen en consecuencia.\u00a0 Los pol\u00edticos que se oponen haciendo creer que ayudan a la Iglesia son unos hip\u00f3critas que amparan la doble moral que oculta los abusos. Si la Iglesia no hace lo que debe y persiste en la ocultaci\u00f3n y en minimizar el problema perder\u00e1 toda credibilidad cuando denuncie en los p\u00falpitos los pecados ajenos sin haber expiado antes los propios.<\/strong><\/p>\n<p>&nbsp;<\/p>\n","protected":false},"excerpt":{"rendered":"<p>Tarde o temprano la verdad aflora por mucho que trate de ocultarse y m\u00e1s cuando los indicios la hacen evidente. La Iglesia cat\u00f3lica, en el caso de los abusos a menores, debiera no solo saberlo sino remediarlo. La \u00fanica forma que hay en la vida de superar el delito, la falta o la culpa es [&hellip;]<\/p>\n","protected":false},"author":28,"featured_media":2646,"comment_status":"open","ping_status":"open","sticky":false,"template":"","format":"standard","meta":[],"categories":[1],"tags":[1294,2263,2262,542,2261,2264,2260],"_links":{"self":[{"href":"https:\/\/blogs.larioja.com\/entrevisillos\/wp-json\/wp\/v2\/posts\/2645"}],"collection":[{"href":"https:\/\/blogs.larioja.com\/entrevisillos\/wp-json\/wp\/v2\/posts"}],"about":[{"href":"https:\/\/blogs.larioja.com\/entrevisillos\/wp-json\/wp\/v2\/types\/post"}],"author":[{"embeddable":true,"href":"https:\/\/blogs.larioja.com\/entrevisillos\/wp-json\/wp\/v2\/users\/28"}],"replies":[{"embeddable":true,"href":"https:\/\/blogs.larioja.com\/entrevisillos\/wp-json\/wp\/v2\/comments?post=2645"}],"version-history":[{"count":1,"href":"https:\/\/blogs.larioja.com\/entrevisillos\/wp-json\/wp\/v2\/posts\/2645\/revisions"}],"predecessor-version":[{"id":2647,"href":"https:\/\/blogs.larioja.com\/entrevisillos\/wp-json\/wp\/v2\/posts\/2645\/revisions\/2647"}],"wp:featuredmedia":[{"embeddable":true,"href":"https:\/\/blogs.larioja.com\/entrevisillos\/wp-json\/wp\/v2\/media\/2646"}],"wp:attachment":[{"href":"https:\/\/blogs.larioja.com\/entrevisillos\/wp-json\/wp\/v2\/media?parent=2645"}],"wp:term":[{"taxonomy":"category","embeddable":true,"href":"https:\/\/blogs.larioja.com\/entrevisillos\/wp-json\/wp\/v2\/categories?post=2645"},{"taxonomy":"post_tag","embeddable":true,"href":"https:\/\/blogs.larioja.com\/entrevisillos\/wp-json\/wp\/v2\/tags?post=2645"}],"curies":[{"name":"wp","href":"https:\/\/api.w.org\/{rel}","templated":true}]}}