{"id":2657,"date":"2022-03-05T06:00:45","date_gmt":"2022-03-05T04:00:45","guid":{"rendered":"https:\/\/blogs.larioja.com\/entrevisillos\/?p=2657"},"modified":"2022-03-04T12:14:28","modified_gmt":"2022-03-04T10:14:28","slug":"viva-ucrania","status":"publish","type":"post","link":"https:\/\/blogs.larioja.com\/entrevisillos\/2022\/03\/05\/viva-ucrania\/","title":{"rendered":"\u00a1Viva Ucrania!"},"content":{"rendered":"<p><strong>Agredir a otros no solo es un error sino un hecho claramente reprobable. Justificar la agresi\u00f3n afirmando que me estaban provocando y he tenido que responder usando la violencia es propio de miserables y de matones enrabietados. A quien contempla la agresi\u00f3n solo le queda auxiliar al agredido para frenar al pendenciero. As\u00ed es en la vida y en el tablero geopol\u00edtico mundial. Putin ha burlado gravemente el derecho internacional atacando e invadiendo Ucrania. Pero el resto del mundo, que contemplamos el dolor que est\u00e1 produciendo su guerra, no podemos caer en el error de equiparar al mat\u00f3n del barrio con su v\u00edctima.<\/strong><\/p>\n<p><strong>\u00a0\u00a0\u00a0\u00a0\u00a0\u00a0\u00a0\u00a0\u00a0\u00a0\u00a0 El presidente ruso, tras su g\u00e9lida mirada, esconde a un aut\u00f3crata de libro que solo act\u00faa una vez ha calculado el da\u00f1o que puede hacer. No est\u00e1 loco, simplemente tiene una l\u00f3gica que no es la nuestra porque no se basa en ning\u00fan principio \u00e9tico. Se sabe que el poder corrompe y cuando se ejerce casi absolutamente se manifiesta dejando patente, a quienes discutan sus designios, que les infligir\u00e1 todo el dolor que su poder permita. Cuando el poder se desempe\u00f1a sin atisbo de humanidad la angustia y el horror que estamos viendo no frenan a quien solo conf\u00eda en la fuerza que le da el miedo que genera.<\/strong><\/p>\n<p><strong>\u00a0\u00a0\u00a0\u00a0\u00a0\u00a0\u00a0\u00a0\u00a0\u00a0\u00a0 Hace unos d\u00edas nadie cre\u00eda que Putin se atrever\u00eda a invadir Ucrania, pens\u00e1bamos que era su t\u00e1ctica para negociar. Era nuestra l\u00f3gica, no la suya. Nos equivocamos pero quiero creer que \u00e9l tampoco esperaba la resistencia de Ucrania ni que Europa y la mayor\u00eda del mundo iban a reaccionar con rapidez. Tras el silencio por la ocupaci\u00f3n de Crimea, en 2014, se esperaba que Europa se entregara a interminables discusiones que nada resuelven. No ha sido as\u00ed. La conmoci\u00f3n que esta guerra ha producido en la opini\u00f3n p\u00fablica ha ayudado a decidir. Me ha resultado emocionante ver a una anciana rusa de 90 a\u00f1os, Yelena Osipova, superviviente del asedio a Leningrado en la segunda Guerra mundial, manifestarse contra Putin, siendo detenida junto a otros rusos contrarios a la guerra. Es una esperanza que se alza en esa Rusia que es una caricatura de democracia. La contestaci\u00f3n interna y el des\u00e1nimo de sus propios soldados son una se\u00f1al para la paz que se une a la presi\u00f3n internacional.<\/strong><\/p>\n<p><strong>\u00a0\u00a0\u00a0\u00a0\u00a0\u00a0\u00a0\u00a0\u00a0\u00a0\u00a0 La solidaridad es algo m\u00e1s que una palabra. Putin es Goliat y Zelenski es David. Europa y Espa\u00f1a tienen que ayudar con todo lo que se pueda y tambi\u00e9n a los ucranianos que combaten. Ucrania no pod\u00eda rendir el pa\u00eds a Putin sin defenderse, la respuesta militar ha sido obligada por la invasi\u00f3n de su territorio. A Putin, contrariado por la resistencia, no lo van a parar buenas palabras. En Europa y en Espa\u00f1a hemos de aguantar la parte negativa que nos supongan las medidas adoptadas. La pregunta es si nuestras conciencias podr\u00edan aceptar que abandonemos a la poblaci\u00f3n ucraniana en medio de la tragedia.<\/strong><\/p>\n<p><a href=\"https:\/\/static-blogs.larioja.com\/wp-content\/uploads\/sites\/25\/2022\/03\/yelena-osipova.jpeg\"><img loading=\"lazy\" class=\" wp-image-2661 aligncenter\" src=\"https:\/\/static-blogs.larioja.com\/wp-content\/uploads\/sites\/25\/2022\/03\/yelena-osipova.jpeg\" alt=\"\" width=\"533\" height=\"261\" srcset=\"https:\/\/static-blogs.larioja.com\/wp-content\/uploads\/sites\/25\/2022\/03\/yelena-osipova.jpeg 449w, https:\/\/static-blogs.larioja.com\/wp-content\/uploads\/sites\/25\/2022\/03\/yelena-osipova-300x147.jpeg 300w\" sizes=\"(max-width: 533px) 100vw, 533px\" \/><\/a><\/p>\n","protected":false},"excerpt":{"rendered":"<p>Agredir a otros no solo es un error sino un hecho claramente reprobable. Justificar la agresi\u00f3n afirmando que me estaban provocando y he tenido que responder usando la violencia es propio de miserables y de matones enrabietados. A quien contempla la agresi\u00f3n solo le queda auxiliar al agredido para frenar al pendenciero. As\u00ed es en [&hellip;]<\/p>\n","protected":false},"author":28,"featured_media":2660,"comment_status":"open","ping_status":"open","sticky":false,"template":"","format":"standard","meta":[],"categories":[1],"tags":[2276,2277,2278,527,878,925,2273,2275,2274],"_links":{"self":[{"href":"https:\/\/blogs.larioja.com\/entrevisillos\/wp-json\/wp\/v2\/posts\/2657"}],"collection":[{"href":"https:\/\/blogs.larioja.com\/entrevisillos\/wp-json\/wp\/v2\/posts"}],"about":[{"href":"https:\/\/blogs.larioja.com\/entrevisillos\/wp-json\/wp\/v2\/types\/post"}],"author":[{"embeddable":true,"href":"https:\/\/blogs.larioja.com\/entrevisillos\/wp-json\/wp\/v2\/users\/28"}],"replies":[{"embeddable":true,"href":"https:\/\/blogs.larioja.com\/entrevisillos\/wp-json\/wp\/v2\/comments?post=2657"}],"version-history":[{"count":2,"href":"https:\/\/blogs.larioja.com\/entrevisillos\/wp-json\/wp\/v2\/posts\/2657\/revisions"}],"predecessor-version":[{"id":2662,"href":"https:\/\/blogs.larioja.com\/entrevisillos\/wp-json\/wp\/v2\/posts\/2657\/revisions\/2662"}],"wp:featuredmedia":[{"embeddable":true,"href":"https:\/\/blogs.larioja.com\/entrevisillos\/wp-json\/wp\/v2\/media\/2660"}],"wp:attachment":[{"href":"https:\/\/blogs.larioja.com\/entrevisillos\/wp-json\/wp\/v2\/media?parent=2657"}],"wp:term":[{"taxonomy":"category","embeddable":true,"href":"https:\/\/blogs.larioja.com\/entrevisillos\/wp-json\/wp\/v2\/categories?post=2657"},{"taxonomy":"post_tag","embeddable":true,"href":"https:\/\/blogs.larioja.com\/entrevisillos\/wp-json\/wp\/v2\/tags?post=2657"}],"curies":[{"name":"wp","href":"https:\/\/api.w.org\/{rel}","templated":true}]}}