{"id":2673,"date":"2022-03-26T06:00:32","date_gmt":"2022-03-26T04:00:32","guid":{"rendered":"https:\/\/blogs.larioja.com\/entrevisillos\/?p=2673"},"modified":"2022-03-25T23:39:09","modified_gmt":"2022-03-25T21:39:09","slug":"la-soledad","status":"publish","type":"post","link":"https:\/\/blogs.larioja.com\/entrevisillos\/2022\/03\/26\/la-soledad\/","title":{"rendered":"La soledad"},"content":{"rendered":"<p><strong>A punto de divisarse el fin de la pandemia, que fue un rev\u00e9s serio, presiento que los enanos le crecen al gobierno y es que el soterrado malestar de estos dos a\u00f1os est\u00e1 estallando como las bombas de Putin, con prisa y sin pausa. El precio de la energ\u00eda y de los carburantes ha truncado las previsiones de crecimiento y familias, empresas y aut\u00f3nomos est\u00e1n contra las cuerdas. Ante los precios inasumibles todos miran al gobierno. Como las soluciones nunca son sencillas llega un d\u00eda en el que todo salta por los aires. El descontento es f\u00e1cil de diagnosticar pero dif\u00edcil de tratar cuando el futuro se presiente negro.<\/strong><\/p>\n<p><strong>\u00a0\u00a0\u00a0\u00a0\u00a0\u00a0\u00a0\u00a0\u00a0\u00a0\u00a0 Transportistas, agricultores, ganaderos, pescadores, cazadores, sindicatos han llenado las calles de protestas y reivindicaciones que, todas a un tiempo, pueden terminar por colapsar el pa\u00eds. Algunos de los problemas son estructurales, el mundo agrario lo sabe bien. Otros son coyunturales y c\u00edclicos, el precio de la factura energ\u00e9tica, que ya se hab\u00eda incrementado antes de la invasi\u00f3n de Ucrania, se ha agravado. Cuando la inquietud crece todo el mundo exige la intervenci\u00f3n del gobierno, siempre ha sido as\u00ed. Pensar que el malestar social se pasa como un catarro es un enorme error de diagn\u00f3stico. Hemos visto excesiva imprevisi\u00f3n y lentitud esperando una soluci\u00f3n europea que no llega y a otros gobiernos adoptando medidas, como Francia e Italia, subvencionando el litro de combustible a los transportistas. Que hay grupos pol\u00edticos fomentando las protestas para obtener apoyos, es seguro. Como lo es la hipocres\u00eda de quienes nada hicieron por solventar problemas estructurales del mundo agrario o del aut\u00f3nomo cuando gobernaron y ahora acuden a las manifestaciones a buscar aplausos. Esto es as\u00ed y as\u00ed ser\u00e1, por eso sorprende la lentitud del gobierno en responder a una huelga, convocada por una plataforma que ha unido a los aut\u00f3nomos del sector, que est\u00e1 colapsando el pa\u00eds y que obliga a sectores de la cadena alimentaria a tirar sus productos (las vacas se orde\u00f1an cada d\u00eda y los tomates se pudren) o a otros sectores clave a cerrar temporalmente su producci\u00f3n.<\/strong><\/p>\n<p><strong>\u00a0\u00a0\u00a0\u00a0\u00a0\u00a0\u00a0\u00a0\u00a0\u00a0\u00a0 En esta escalada de sustos, el rey de Marruecos nos sorprende anunciando un acuerdo que modifica la tradicional postura de Espa\u00f1a sobre el Sahara Occidental. La relaci\u00f3n con Marruecos, un pa\u00eds no democr\u00e1tico, es importante por evidentes razones y tambi\u00e9n que los saharauis llevan 46 a\u00f1os esperando una soluci\u00f3n al abandono en el que los dej\u00f3 Franco. El giro exig\u00eda explicaciones previas y claras del gobierno y no justificaciones a rega\u00f1adientes. Es dif\u00edcil sustraerse a esa sensaci\u00f3n de tristeza que nos invade a muchos. Si el gobierno quiere que le entendamos deber\u00e1 hacer mayores esfuerzos por entendernos antes de que sea tarde y se desplome de soledad mientras nos devora el miedo a un futuro incierto.<\/strong><\/p>\n<p>&nbsp;<\/p>\n<p>&nbsp;<\/p>\n<p><strong>\u00a0\u00a0\u00a0\u00a0\u00a0\u00a0\u00a0\u00a0\u00a0\u00a0\u00a0\u00a0\u00a0\u00a0\u00a0<\/strong><\/p>\n<p>&nbsp;<\/p>\n","protected":false},"excerpt":{"rendered":"<p>A punto de divisarse el fin de la pandemia, que fue un rev\u00e9s serio, presiento que los enanos le crecen al gobierno y es que el soterrado malestar de estos dos a\u00f1os est\u00e1 estallando como las bombas de Putin, con prisa y sin pausa. El precio de la energ\u00eda y de los carburantes ha truncado [&hellip;]<\/p>\n","protected":false},"author":28,"featured_media":2675,"comment_status":"open","ping_status":"open","sticky":false,"template":"","format":"standard","meta":[],"categories":[1],"tags":[2286,2285,560,584,2281,2283,711,2284,2079,2282],"_links":{"self":[{"href":"https:\/\/blogs.larioja.com\/entrevisillos\/wp-json\/wp\/v2\/posts\/2673"}],"collection":[{"href":"https:\/\/blogs.larioja.com\/entrevisillos\/wp-json\/wp\/v2\/posts"}],"about":[{"href":"https:\/\/blogs.larioja.com\/entrevisillos\/wp-json\/wp\/v2\/types\/post"}],"author":[{"embeddable":true,"href":"https:\/\/blogs.larioja.com\/entrevisillos\/wp-json\/wp\/v2\/users\/28"}],"replies":[{"embeddable":true,"href":"https:\/\/blogs.larioja.com\/entrevisillos\/wp-json\/wp\/v2\/comments?post=2673"}],"version-history":[{"count":1,"href":"https:\/\/blogs.larioja.com\/entrevisillos\/wp-json\/wp\/v2\/posts\/2673\/revisions"}],"predecessor-version":[{"id":2676,"href":"https:\/\/blogs.larioja.com\/entrevisillos\/wp-json\/wp\/v2\/posts\/2673\/revisions\/2676"}],"wp:featuredmedia":[{"embeddable":true,"href":"https:\/\/blogs.larioja.com\/entrevisillos\/wp-json\/wp\/v2\/media\/2675"}],"wp:attachment":[{"href":"https:\/\/blogs.larioja.com\/entrevisillos\/wp-json\/wp\/v2\/media?parent=2673"}],"wp:term":[{"taxonomy":"category","embeddable":true,"href":"https:\/\/blogs.larioja.com\/entrevisillos\/wp-json\/wp\/v2\/categories?post=2673"},{"taxonomy":"post_tag","embeddable":true,"href":"https:\/\/blogs.larioja.com\/entrevisillos\/wp-json\/wp\/v2\/tags?post=2673"}],"curies":[{"name":"wp","href":"https:\/\/api.w.org\/{rel}","templated":true}]}}