{"id":2678,"date":"2022-04-02T06:00:54","date_gmt":"2022-04-02T04:00:54","guid":{"rendered":"https:\/\/blogs.larioja.com\/entrevisillos\/?p=2678"},"modified":"2022-04-01T17:12:09","modified_gmt":"2022-04-01T15:12:09","slug":"el-dolor-ajeno-3","status":"publish","type":"post","link":"https:\/\/blogs.larioja.com\/entrevisillos\/2022\/04\/02\/el-dolor-ajeno-3\/","title":{"rendered":"El dolor ajeno"},"content":{"rendered":"<p><strong>\u00a0\u00a0\u00a0 Es humano preocuparse por las urgencias de cada d\u00eda y m\u00e1s en un tiempo en el que la incertidumbre no nos da tregua. Estos d\u00edas poder llegar a fin de mes supone para muchos alcanzar un horizonte lejano. En Europa estamos, como ha declarado Borrell, \u201cante una crisis existencial\u201d. Seg\u00fan el jefe de la diplomacia europea, \u201cprimero tuvimos la peste; luego tenemos la guerra, y ahora viene el hambre, por las exportaciones de alimentos de Rusia y Ucrania\u201d. Estamos at\u00f3nitos y asustados pero, en esta innegable realidad, no puedo dejar de mirar a Ucrania y al paisaje de dolor que nace de la guerra.<\/strong><\/p>\n<p><strong>\u00a0\u00a0\u00a0\u00a0\u00a0\u00a0\u00a0\u00a0\u00a0\u00a0\u00a0 No es lo mismo contemplar la guerra que padecerla, no es lo mismo intuir el dolor de los otros que sentir el desgarro interior del sufrimiento extremo. Nadie est\u00e1 preparado para soportar una guerra, salvo los que las ordenan y dirigen en la comodidad de sus despachos decorados de soberbia. Vemos a las madres con sus hijos asustados, vemos a soldados ayudando a ancianos a trasladarse o consolando ni\u00f1os\u2026 Vemos el dolor ajeno hasta casi sentirlo pero, como escribi\u00f3 Susan Sontag, \u201cno podemos imaginar lo espantosa, lo aterradora que es la guerra; y como se convierte en normalidad. No podemos entenderlo, no podemos imaginarlo. Es lo que cada soldado, cada periodista, cooperante y observador independiente que ha pasado tiempo bajo el fuego, y ha tenido la suerte de eludir la muerte que ha fulminado a otros a su lado, siente con terquedad\u201d.<\/strong><\/p>\n<p><strong>\u00a0\u00a0\u00a0\u00a0\u00a0\u00a0\u00a0\u00a0\u00a0\u00a0\u00a0 He visto ese v\u00eddeo difundido por la principal cadena de televisi\u00f3n estatal rusa mostrando una siniestra ceremonia de condecoraci\u00f3n de nueve soldados que forman fila en sillas de ruedas ante Alex\u00e1nder Fomin, viceministro de Defensa de Rusia. Vestidos con un pijama de rayas, mutilados y sin poder sostenerse en pie, reciben una medalla de lat\u00f3n mientras el general les dice que son unos h\u00e9roes, \u201ccontinuadores de la gloriosa tradici\u00f3n de nuestros padres\u201d. La mirada seria, perdida y triste de los nueve soldados nos da idea de lo que tan huecas palabras golpean sus vidas truncadas para siempre. Al ver esa terrible ceremonia de crueldad hacia sus propios soldados una no duda de que Putin escribe con sangre y dolor su p\u00e1gina en la historia de la infamia.<\/strong><\/p>\n<p><strong>\u00a0\u00a0\u00a0\u00a0\u00a0\u00a0\u00a0\u00a0\u00a0\u00a0\u00a0 Los rostros desolados de esos soldados rusos mutilados me ha recordado la novela <em>Im\u00e1n<\/em>, escrita por Ram\u00f3n J. Sender, en la que narra los padecimientos de los soldados espa\u00f1oles en Marruecos en 1921. Enviados a colonizar el Rif, con escasos medios, Viance, el soldado protagonista, tras la derrota de Annual, le dice a un compa\u00f1ero: \u201cNosotros somos los que en la prensa y en las escuelas llaman h\u00e9roes. Llevar sesos de un compa\u00f1ero en la alpargata, criar piojos y beber orines, eso es ser h\u00e9roes. Yo soy un h\u00e9roe. \u00a1Un h\u00e9roe! \u00a1Un h\u00e9-ro-e!\u201d. Y es que nadie vuelve igual de una guerra, aunque salve la vida.<\/strong><\/p>\n<p><a href=\"https:\/\/static-blogs.larioja.com\/wp-content\/uploads\/sites\/25\/2022\/04\/soldado-muerto-2.jpg\"><img loading=\"lazy\" class=\"alignleft size-full wp-image-2684\" src=\"https:\/\/static-blogs.larioja.com\/wp-content\/uploads\/sites\/25\/2022\/04\/soldado-muerto-2.jpg\" alt=\"\" width=\"855\" height=\"681\" srcset=\"https:\/\/static-blogs.larioja.com\/wp-content\/uploads\/sites\/25\/2022\/04\/soldado-muerto-2.jpg 855w, https:\/\/static-blogs.larioja.com\/wp-content\/uploads\/sites\/25\/2022\/04\/soldado-muerto-2-300x239.jpg 300w, https:\/\/static-blogs.larioja.com\/wp-content\/uploads\/sites\/25\/2022\/04\/soldado-muerto-2-768x612.jpg 768w\" sizes=\"(max-width: 855px) 100vw, 855px\" \/><\/a><\/p>\n","protected":false},"excerpt":{"rendered":"<p>\u00a0\u00a0\u00a0 Es humano preocuparse por las urgencias de cada d\u00eda y m\u00e1s en un tiempo en el que la incertidumbre no nos da tregua. Estos d\u00edas poder llegar a fin de mes supone para muchos alcanzar un horizonte lejano. En Europa estamos, como ha declarado Borrell, \u201cante una crisis existencial\u201d. Seg\u00fan el jefe de la [&hellip;]<\/p>\n","protected":false},"author":28,"featured_media":2680,"comment_status":"open","ping_status":"open","sticky":false,"template":"","format":"standard","meta":[],"categories":[1],"tags":[2293,2292,2287,2290,2289,2291,2288,2273],"_links":{"self":[{"href":"https:\/\/blogs.larioja.com\/entrevisillos\/wp-json\/wp\/v2\/posts\/2678"}],"collection":[{"href":"https:\/\/blogs.larioja.com\/entrevisillos\/wp-json\/wp\/v2\/posts"}],"about":[{"href":"https:\/\/blogs.larioja.com\/entrevisillos\/wp-json\/wp\/v2\/types\/post"}],"author":[{"embeddable":true,"href":"https:\/\/blogs.larioja.com\/entrevisillos\/wp-json\/wp\/v2\/users\/28"}],"replies":[{"embeddable":true,"href":"https:\/\/blogs.larioja.com\/entrevisillos\/wp-json\/wp\/v2\/comments?post=2678"}],"version-history":[{"count":3,"href":"https:\/\/blogs.larioja.com\/entrevisillos\/wp-json\/wp\/v2\/posts\/2678\/revisions"}],"predecessor-version":[{"id":2682,"href":"https:\/\/blogs.larioja.com\/entrevisillos\/wp-json\/wp\/v2\/posts\/2678\/revisions\/2682"}],"wp:featuredmedia":[{"embeddable":true,"href":"https:\/\/blogs.larioja.com\/entrevisillos\/wp-json\/wp\/v2\/media\/2680"}],"wp:attachment":[{"href":"https:\/\/blogs.larioja.com\/entrevisillos\/wp-json\/wp\/v2\/media?parent=2678"}],"wp:term":[{"taxonomy":"category","embeddable":true,"href":"https:\/\/blogs.larioja.com\/entrevisillos\/wp-json\/wp\/v2\/categories?post=2678"},{"taxonomy":"post_tag","embeddable":true,"href":"https:\/\/blogs.larioja.com\/entrevisillos\/wp-json\/wp\/v2\/tags?post=2678"}],"curies":[{"name":"wp","href":"https:\/\/api.w.org\/{rel}","templated":true}]}}