{"id":2686,"date":"2022-04-08T23:20:13","date_gmt":"2022-04-08T21:20:13","guid":{"rendered":"https:\/\/blogs.larioja.com\/entrevisillos\/?p=2686"},"modified":"2022-04-08T23:20:13","modified_gmt":"2022-04-08T21:20:13","slug":"el-fuhrer-de-espana","status":"publish","type":"post","link":"https:\/\/blogs.larioja.com\/entrevisillos\/2022\/04\/08\/el-fuhrer-de-espana\/","title":{"rendered":"El F\u00fchrer de Espa\u00f1a"},"content":{"rendered":"<p><strong>Vivimos en un tiempo de charlatanes que a\u00f1oran \u00e9pocas de una Espa\u00f1a que ya no existe. Esta semana el diputado Jos\u00e9 Mar\u00eda S\u00e1nchez Garc\u00eda, en nombre de VOX, ha proseguido su tarea de demolici\u00f3n de la instituci\u00f3n parlamentaria. Este catedr\u00e1tico y juez en excedencia, es decir un hombre que sabe lo que dice y por qu\u00e9, ha elevado el tono de los insultos comparando al presidente S\u00e1nchez con Hitler y al ministro Bola\u00f1os con Goebbels. El diputado de VOX argumenta, con semejantes met\u00e1foras, que su finalidad es salvaguardar la democracia. No cabe mayor cinismo. Mientras los diputados de VOX r\u00eden y aplauden al machote, veo con tristeza la degradaci\u00f3n pol\u00edtica a la que estamos llegando y el clima de enfrentamiento que se est\u00e1 fomentando.<\/strong><\/p>\n<p><strong>Lo ocurrido no es fruto de un calent\u00f3n moment\u00e1neo, como el de Will Smith en los Oscar, sino una estrategia calculada para minar la credibilidad de nuestra, todav\u00eda fr\u00e1gil, arquitectura constitucional. Si Pedro S\u00e1nchez &#8220;es como el <em>F\u00fchrer<\/em>&#8221; no s\u00e9 qu\u00e9 calificativos tendr\u00e1n para Putin, verdadero aut\u00f3crata al que tanto admiran. El diputado acab\u00f3 su intervenci\u00f3n elogiando al h\u00fangaro Vicktor Orb\u00e1n, que acaba de ganar las elecciones burl\u00e1ndose, en su primera declaraci\u00f3n, de los dirigentes de la Uni\u00f3n Europea y del presidente ucraniano, Zelenski. Yo ante este estas actitudes siento un poco de miedo porque cuestiona derechos y valores que hemos protegido entre todos.<\/strong><\/p>\n<p><strong>Entiendo que a VOX no les guste el gobierno y que lo critiquen, pero no nos enga\u00f1emos, mejorar las cosas no es su objetivo sino agrupar a todos los cabreados para derribarlo.<\/strong><\/p>\n<p><strong>Que vivamos tiempos dif\u00edciles y que la tristeza nos invada no quiere decir que nuestro pa\u00eds sea el desastre que algunos pintan en apocal\u00edpticos discursos. Es intolerable que el Congreso, la sede de la soberan\u00eda popular, tenga el nivel de un parvulario y el ambiente s\u00f3rdido de una taberna cutre. Si los insultos relucen m\u00e1s que las ideas es porque la finalidad no es aportar soluciones sino degradar la instituci\u00f3n para que los ciudadanos se pregunten: \u00bfpara qu\u00e9 queremos un parlamento? Si no sirve para nada \u00fatil, mejor lo cerramos. Esa es la conclusi\u00f3n a la que nos encaminan los excesos verbales y la bronca que cada d\u00eda se repite en el Congreso. El objetivo no confesado de la ultraderecha no solo es derribar al gobierno sino cuestionar los pilares del sistema pol\u00edtico construido entre todos y en el que debemos caber todos. Los partidos que han forjado la Espa\u00f1a democr\u00e1tica deben elevar el nivel de sus discursos y cambiar sus actitudes pol\u00edticas para que a nadie se le pase por la cabeza inutilizar al Parlamento. Si en Rusia hubiera un parlamento verdaderamente democr\u00e1tico, un contrapoder, Putin no hubiera agredido a Ucrania. La democracia no es un juego de machotes sino de defensores de la libertad de todos.<\/strong><\/p>\n","protected":false},"excerpt":{"rendered":"<p>Vivimos en un tiempo de charlatanes que a\u00f1oran \u00e9pocas de una Espa\u00f1a que ya no existe. Esta semana el diputado Jos\u00e9 Mar\u00eda S\u00e1nchez Garc\u00eda, en nombre de VOX, ha proseguido su tarea de demolici\u00f3n de la instituci\u00f3n parlamentaria. Este catedr\u00e1tico y juez en excedencia, es decir un hombre que sabe lo que dice y por [&hellip;]<\/p>\n","protected":false},"author":28,"featured_media":2688,"comment_status":"open","ping_status":"open","sticky":false,"template":"","format":"standard","meta":[],"categories":[1],"tags":[294,2295,2297,2296,2294,663,851,925],"_links":{"self":[{"href":"https:\/\/blogs.larioja.com\/entrevisillos\/wp-json\/wp\/v2\/posts\/2686"}],"collection":[{"href":"https:\/\/blogs.larioja.com\/entrevisillos\/wp-json\/wp\/v2\/posts"}],"about":[{"href":"https:\/\/blogs.larioja.com\/entrevisillos\/wp-json\/wp\/v2\/types\/post"}],"author":[{"embeddable":true,"href":"https:\/\/blogs.larioja.com\/entrevisillos\/wp-json\/wp\/v2\/users\/28"}],"replies":[{"embeddable":true,"href":"https:\/\/blogs.larioja.com\/entrevisillos\/wp-json\/wp\/v2\/comments?post=2686"}],"version-history":[{"count":2,"href":"https:\/\/blogs.larioja.com\/entrevisillos\/wp-json\/wp\/v2\/posts\/2686\/revisions"}],"predecessor-version":[{"id":2689,"href":"https:\/\/blogs.larioja.com\/entrevisillos\/wp-json\/wp\/v2\/posts\/2686\/revisions\/2689"}],"wp:featuredmedia":[{"embeddable":true,"href":"https:\/\/blogs.larioja.com\/entrevisillos\/wp-json\/wp\/v2\/media\/2688"}],"wp:attachment":[{"href":"https:\/\/blogs.larioja.com\/entrevisillos\/wp-json\/wp\/v2\/media?parent=2686"}],"wp:term":[{"taxonomy":"category","embeddable":true,"href":"https:\/\/blogs.larioja.com\/entrevisillos\/wp-json\/wp\/v2\/categories?post=2686"},{"taxonomy":"post_tag","embeddable":true,"href":"https:\/\/blogs.larioja.com\/entrevisillos\/wp-json\/wp\/v2\/tags?post=2686"}],"curies":[{"name":"wp","href":"https:\/\/api.w.org\/{rel}","templated":true}]}}