{"id":2695,"date":"2022-04-23T06:00:43","date_gmt":"2022-04-23T04:00:43","guid":{"rendered":"https:\/\/blogs.larioja.com\/entrevisillos\/?p=2695"},"modified":"2022-04-21T20:42:47","modified_gmt":"2022-04-21T18:42:47","slug":"el-deporte-rey","status":"publish","type":"post","link":"https:\/\/blogs.larioja.com\/entrevisillos\/2022\/04\/23\/el-deporte-rey\/","title":{"rendered":"El deporte rey"},"content":{"rendered":"<p><strong>Pienso mucho \u00faltimamente en el Lazarillo de Tormes, ese a quien la historia de la literatura llama p\u00edcaro y que desde la Espa\u00f1a de hoy, visto lo visto, m\u00e1s que un pillo parece un santo sobreponi\u00e9ndose a la adversidad que siempre mece la cuna de los pobres. En el hambriento siglo XVI, L\u00e1zaro fue en realidad un h\u00e9roe porque, como se cantaba por las calles de la vieja Espa\u00f1a, \u201cal rico llaman honrado porque tiene qu\u00e9 comer\u201d. Seguramente hoy nuestro pilluelo vivir\u00eda asombrado viendo c\u00f3mo multiplican sus ganancias quienes tienen no solo la barriga llena sino las cuentas corrientes repletas. Salvo Luis Medina, hijo del duque de Feria, que las tiene vaciadas para salvaguardar el bot\u00edn. L\u00e1zaro que, aceptando su triste destino, robaba unos granos de uva a su amo ciego o un mendrugo de pan al cl\u00e9rigo no comprender\u00eda a los avaros y truhanes que habitan este pa\u00eds en el que los comisionistas son reyes. Nunca mejor dicho. Qu\u00e9 cara pondr\u00eda el pobre L\u00e1zaro al ver a su Rey atesorando d\u00e1divas hasta situarse en el v\u00e9rtice de la pir\u00e1mide del comisionista espa\u00f1ol. A buen seguro que se le atragantaban las uvas que le robaba con ingenio al taimado ciego. Y es que los 65 millones de euros regalados por Arabia Saud\u00ed al em\u00e9rito rey de Espa\u00f1a no son moco de pavo ni para un rey ni para un p\u00edcaro, aunque como escribiera G\u00f3ngora: y tah\u00fares, muy desnudos,\/con dados ganan Condados;\/ducados dejan Ducados,\/y coronas Majestad:\/\u00a1verdad!<\/strong><\/p>\n<p><strong>\u00a0\u00a0\u00a0\u00a0\u00a0\u00a0\u00a0\u00a0\u00a0\u00a0\u00a0 Y es que las tragedias del p\u00edcaro de ayer nos conmueven y hacen sonre\u00edr mientras que las haza\u00f1as de los truhanes de hoy nos indignan. Hemos visto al hijo del duque de Feria y a su socio que, en su declaraci\u00f3n judicial, no distinguen entre un guante de l\u00e1tex y otro de nitrilo forrarse vendiendo material m\u00e9dico defectuoso al ayuntamiento de Madrid a trav\u00e9s del primo del alcalde, Mart\u00ednez Almeida. A m\u00ed, m\u00e1s all\u00e1 de lo que los tribunales digan, me tiene totalmente arrebatada esa frase del alcalde reconociendo que les han estafado y, sin embargo, no hab\u00edan denunciado. M\u00e1s que de primos esta historia me parece de irresponsables que esperan que pase el temporal sin que les llueva encima la percepci\u00f3n de incompetencia.<\/strong><\/p>\n<p><strong>\u00a0\u00a0\u00a0\u00a0\u00a0\u00a0\u00a0\u00a0\u00a0\u00a0\u00a0 La primavera con la lluvia nos ha tra\u00eddo un nuevo esc\u00e1ndalo. Eran pocos y pari\u00f3 la abuela. En el mundo del f\u00fatbol, al que en este pa\u00eds se le permite todo por amor a la afici\u00f3n, se ha abierto un enorme mel\u00f3n del que cada protagonista se lleva una tajada, eso s\u00ed, de diferente grosor. Los nuevos protagonistas del reino del comisionista son el azulgrana Gerard Piqu\u00e9 y el presidente de la Real Federaci\u00f3n Espa\u00f1ola de F\u00fatbol, Luis Rubiales y sus negocios para que la supercopa se celebre en un pa\u00eds, democr\u00e1tico donde los haya, de cuyo nombre no quiero acordarme. Tendr\u00e1 que llover a c\u00e1ntaros para que el comisionismo en Espa\u00f1a deje de ser el deporte rey.<\/strong><\/p>\n","protected":false},"excerpt":{"rendered":"<p>Pienso mucho \u00faltimamente en el Lazarillo de Tormes, ese a quien la historia de la literatura llama p\u00edcaro y que desde la Espa\u00f1a de hoy, visto lo visto, m\u00e1s que un pillo parece un santo sobreponi\u00e9ndose a la adversidad que siempre mece la cuna de los pobres. En el hambriento siglo XVI, L\u00e1zaro fue en [&hellip;]<\/p>\n","protected":false},"author":28,"featured_media":2697,"comment_status":"open","ping_status":"open","sticky":false,"template":"","format":"standard","meta":[],"categories":[1],"tags":[2307,2306,2302,2304,627,2305,2303,2239,2308,2309],"_links":{"self":[{"href":"https:\/\/blogs.larioja.com\/entrevisillos\/wp-json\/wp\/v2\/posts\/2695"}],"collection":[{"href":"https:\/\/blogs.larioja.com\/entrevisillos\/wp-json\/wp\/v2\/posts"}],"about":[{"href":"https:\/\/blogs.larioja.com\/entrevisillos\/wp-json\/wp\/v2\/types\/post"}],"author":[{"embeddable":true,"href":"https:\/\/blogs.larioja.com\/entrevisillos\/wp-json\/wp\/v2\/users\/28"}],"replies":[{"embeddable":true,"href":"https:\/\/blogs.larioja.com\/entrevisillos\/wp-json\/wp\/v2\/comments?post=2695"}],"version-history":[{"count":1,"href":"https:\/\/blogs.larioja.com\/entrevisillos\/wp-json\/wp\/v2\/posts\/2695\/revisions"}],"predecessor-version":[{"id":2696,"href":"https:\/\/blogs.larioja.com\/entrevisillos\/wp-json\/wp\/v2\/posts\/2695\/revisions\/2696"}],"wp:featuredmedia":[{"embeddable":true,"href":"https:\/\/blogs.larioja.com\/entrevisillos\/wp-json\/wp\/v2\/media\/2697"}],"wp:attachment":[{"href":"https:\/\/blogs.larioja.com\/entrevisillos\/wp-json\/wp\/v2\/media?parent=2695"}],"wp:term":[{"taxonomy":"category","embeddable":true,"href":"https:\/\/blogs.larioja.com\/entrevisillos\/wp-json\/wp\/v2\/categories?post=2695"},{"taxonomy":"post_tag","embeddable":true,"href":"https:\/\/blogs.larioja.com\/entrevisillos\/wp-json\/wp\/v2\/tags?post=2695"}],"curies":[{"name":"wp","href":"https:\/\/api.w.org\/{rel}","templated":true}]}}