{"id":2735,"date":"2022-06-11T06:00:47","date_gmt":"2022-06-11T04:00:47","guid":{"rendered":"https:\/\/blogs.larioja.com\/entrevisillos\/?p=2735"},"modified":"2022-06-11T08:34:02","modified_gmt":"2022-06-11T06:34:02","slug":"el-galardon","status":"publish","type":"post","link":"https:\/\/blogs.larioja.com\/entrevisillos\/2022\/06\/11\/el-galardon\/","title":{"rendered":"El galard\u00f3n"},"content":{"rendered":"<p><strong>\u00abLa Rioja existe pero no es, si nos unimos, la hemos de hacer\u00bb. Este fue el himno popular que recorri\u00f3 todos nuestros pueblos, entre la emoci\u00f3n y la l\u00e1grima, acompa\u00f1ando el deseo popular de reivindicar una Rioja aut\u00f3noma. Cuarenta a\u00f1os de Estatuto invitan a recordar los inicios de una Comunidad que se forj\u00f3 en un tiempo de intuiciones y corazonadas no ausentes de pol\u00e9micas. Hoy nadie puede negar lo positivo del experimento colectivo en el que nos empe\u00f1amos como riojanos. La Espa\u00f1a democr\u00e1tica y diversa naci\u00f3, pese a las resistencias de los poderes f\u00e1cticos, de una aspiraci\u00f3n ciudadana mayoritaria. De ella, sin hoja de ruta ni experiencia previa, emergi\u00f3 La Rioja actual gracias al T\u00edtulo VIII de la Constituci\u00f3n Espa\u00f1ola que algunos no votaron entonces y que otros quieren suprimir hoy.<\/strong><\/p>\n<p><strong>Imborrables resultan los d\u00edas en los que las se\u00f1ales de tr\u00e1fico amanecieron con el nombre de \u00abLa Rioja\u00bb emborronando el de \u00abprovincia de Logro\u00f1o\u00bb en las carreteras. Fue un subid\u00f3n, una se\u00f1al del cambio que se avecinaba. La muy discutida creaci\u00f3n de nuestra Comunidad Aut\u00f3noma nos lleva a revivir la explosi\u00f3n de sentimiento popular que tuvo lugar el 8 de octubre de 1978. En una regi\u00f3n (provincia) poco dada a manifestarse en las calles, 15.000 riojanos acudimos a N\u00e1jera y all\u00ed empez\u00f3 todo. Hubo pancartas, pegatinas y hasta un l\u00edo con los representantes pol\u00edticos pero la emoci\u00f3n, la consciencia de que aquello era un grito de futuro flotaba en el ambiente.<\/strong><\/p>\n<p><strong>Ahora, el D\u00eda de La Rioja se conmemora oficialmente en un acto institucional, con la pompa debida, en el que se distingue a personas y colectivos. Este a\u00f1o, entre los muy merecidos galardones, el nombramiento de Riojano Ilustre al expresidente Pedro Sanz se ha visto rodeado de una controversia que tiene m\u00e1s que ver con la forma en que ejerci\u00f3 el poder, que con los logros de sus veinte a\u00f1os de gobierno. Es imposible olvidar a Pedro Sanz en actos oficiales negando el saludo protocolario a sus adversarios pol\u00edticos o humillando a otros cargos institucionales. Estoy segura de que don Pedro, que ahora ocupa un lugar en el pasado, muy pr\u00f3ximo al tiempo del olvido, se habr\u00e1 dado cuenta de lo ef\u00edmero que es el <em>glamour<\/em> del poder ejercido al tener que saludar en ese acto a quienes antes ni se dignaba a mirar.<\/strong><\/p>\n<p><strong>Esta pol\u00e9mica, igualmente ef\u00edmera, puede dar frutos en el futuro. Todos los presidentes de La Rioja ya son insignes personajes de nuestra historia. No creo que haya mejor premio ni mayor orgullo que obtener el reconocimiento con el voto popular. Premiarlos por costumbre deval\u00faa el galard\u00f3n y al galardonado. A lo mejor conviene desterrar este ejercicio de adulaci\u00f3n entre pol\u00edticos y devolver todo el protagonismo a la sociedad civil que ya elije a sus ilustres, libremente, cuando toca. Que lo piensen en los despachos \u00a1Viva La Rioja!<\/strong><br \/>\n<a href=\"https:\/\/static-blogs.larioja.com\/wp-content\/uploads\/sites\/25\/2022\/06\/autonomia-rioja2-kjuG-U170319002876iGC-984x600@La-Rioja.jpg\"><img loading=\"lazy\" class=\"size-full wp-image-2738 aligncenter\" src=\"https:\/\/static-blogs.larioja.com\/wp-content\/uploads\/sites\/25\/2022\/06\/autonomia-rioja2-kjuG-U170319002876iGC-984x600@La-Rioja.jpg\" alt=\"\" width=\"984\" height=\"600\" srcset=\"https:\/\/static-blogs.larioja.com\/wp-content\/uploads\/sites\/25\/2022\/06\/autonomia-rioja2-kjuG-U170319002876iGC-984x600@La-Rioja.jpg 984w, https:\/\/static-blogs.larioja.com\/wp-content\/uploads\/sites\/25\/2022\/06\/autonomia-rioja2-kjuG-U170319002876iGC-984x600@La-Rioja-300x183.jpg 300w, https:\/\/static-blogs.larioja.com\/wp-content\/uploads\/sites\/25\/2022\/06\/autonomia-rioja2-kjuG-U170319002876iGC-984x600@La-Rioja-768x468.jpg 768w\" sizes=\"(max-width: 984px) 100vw, 984px\" \/><\/a><\/p>\n","protected":false},"excerpt":{"rendered":"<p>\u00abLa Rioja existe pero no es, si nos unimos, la hemos de hacer\u00bb. Este fue el himno popular que recorri\u00f3 todos nuestros pueblos, entre la emoci\u00f3n y la l\u00e1grima, acompa\u00f1ando el deseo popular de reivindicar una Rioja aut\u00f3noma. Cuarenta a\u00f1os de Estatuto invitan a recordar los inicios de una Comunidad que se forj\u00f3 en un [&hellip;]<\/p>\n","protected":false},"author":28,"featured_media":2737,"comment_status":"open","ping_status":"open","sticky":false,"template":"","format":"standard","meta":[],"categories":[1],"tags":[2333,2338,2335,2332,2334,2337,2336],"_links":{"self":[{"href":"https:\/\/blogs.larioja.com\/entrevisillos\/wp-json\/wp\/v2\/posts\/2735"}],"collection":[{"href":"https:\/\/blogs.larioja.com\/entrevisillos\/wp-json\/wp\/v2\/posts"}],"about":[{"href":"https:\/\/blogs.larioja.com\/entrevisillos\/wp-json\/wp\/v2\/types\/post"}],"author":[{"embeddable":true,"href":"https:\/\/blogs.larioja.com\/entrevisillos\/wp-json\/wp\/v2\/users\/28"}],"replies":[{"embeddable":true,"href":"https:\/\/blogs.larioja.com\/entrevisillos\/wp-json\/wp\/v2\/comments?post=2735"}],"version-history":[{"count":4,"href":"https:\/\/blogs.larioja.com\/entrevisillos\/wp-json\/wp\/v2\/posts\/2735\/revisions"}],"predecessor-version":[{"id":2742,"href":"https:\/\/blogs.larioja.com\/entrevisillos\/wp-json\/wp\/v2\/posts\/2735\/revisions\/2742"}],"wp:featuredmedia":[{"embeddable":true,"href":"https:\/\/blogs.larioja.com\/entrevisillos\/wp-json\/wp\/v2\/media\/2737"}],"wp:attachment":[{"href":"https:\/\/blogs.larioja.com\/entrevisillos\/wp-json\/wp\/v2\/media?parent=2735"}],"wp:term":[{"taxonomy":"category","embeddable":true,"href":"https:\/\/blogs.larioja.com\/entrevisillos\/wp-json\/wp\/v2\/categories?post=2735"},{"taxonomy":"post_tag","embeddable":true,"href":"https:\/\/blogs.larioja.com\/entrevisillos\/wp-json\/wp\/v2\/tags?post=2735"}],"curies":[{"name":"wp","href":"https:\/\/api.w.org\/{rel}","templated":true}]}}