{"id":2762,"date":"2022-07-02T06:00:36","date_gmt":"2022-07-02T04:00:36","guid":{"rendered":"https:\/\/blogs.larioja.com\/entrevisillos\/?p=2762"},"modified":"2022-07-01T18:29:27","modified_gmt":"2022-07-01T16:29:27","slug":"todo-cambia-3","status":"publish","type":"post","link":"https:\/\/blogs.larioja.com\/entrevisillos\/2022\/07\/02\/todo-cambia-3\/","title":{"rendered":"Todo cambia"},"content":{"rendered":"<p><strong>Cambia lo superficial\/Cambia tambi\u00e9n lo profundo\/Cambia el modo de pensar\/Cambia todo en este mundo&#8230; cantaba Mercedes Sosa en los ochenta. Cuarenta a\u00f1os despu\u00e9s del ingreso de Espa\u00f1a en la OTAN, nuestra percepci\u00f3n ha variado sustancialmente y, como en el poema de Neruda, nosotros, los de entonces, ya no somos los mismos. Tampoco nuestro pa\u00eds ni el resto de mundo. Con esos recuerdos tambi\u00e9n ha regresado el elevado IPC que se sit\u00faa en el 10,2% y nos devuelve a abril de 1985 y a aquellos tiempos de crisis y de esperanzas.<\/strong><\/p>\n<p><strong>En 1976, el sentimiento antiatlantista era elevado. Solo el 40% de los espa\u00f1oles apoyaba la integraci\u00f3n en la OTAN, frente al 17,1% que estaba en contra y el 43,5% ocultaba su opini\u00f3n. El 30 de mayo de 1982, bajo el gobierno de Calvo Sotelo, Espa\u00f1a pas\u00f3 a ser el miembro diecis\u00e9is de la OTAN. Las elecciones de octubre de ese a\u00f1o dieron la victoria al PSOE. El famoso lema \u201cOTAN, de entrada, no\u201d se convirti\u00f3 en una tortura para el gobierno socialista puesto que ya est\u00e1bamos dentro y acab\u00e1bamos de entrar en la Uni\u00f3n Europea, entonces CEE. En noviembre de 1985 un sondeo de Sofemasa, conclu\u00eda que un 63% de espa\u00f1oles quer\u00eda un refer\u00e9ndum. Los datos eran claros, un 46% se mostraba partidario de la salida de la OTAN, frente al 19% que optaba por permanecer. Todo ello oblig\u00f3 al gobierno a convocar un refer\u00e9ndum. El PSOE defendi\u00f3 que \u201cS\u00ed. Por el inter\u00e9s de Espa\u00f1a\u201d frente a una oposici\u00f3n frontal de IU y la abstenci\u00f3n promovida por la Alianza Popular de Manuel Fraga. El 12 de marzo de 1986, contra todo pron\u00f3stico, un 56,85% de los espa\u00f1oles apoy\u00f3 la permanencia. Recuerdo la emoci\u00f3n y tambi\u00e9n las dudas que muchos tuvimos a la hora de votar habiendo sido claramente contrarios al ingreso. Nunca olvidar\u00e9 que, en mi caso, fue el ministro Ernest Lluch, a\u00f1os despu\u00e9s asesinado por ETA, el que hizo cambiar el sentido de mi voto en una visita a las obras del Centro de Salud de Calahorra.<\/strong><\/p>\n<p><strong>Cuando hace unos meses, Rusia invadi\u00f3 Ucrania pens\u00e9 en quienes siguen siendo anti OTAN pero me tranquiliz\u00f3 estar en ella. Estos d\u00edas, una encuesta del Real Instituto Elcano, afirma que un 83% de espa\u00f1oles apoya seguir en la Alianza. No sabemos si Putin parar\u00e1 esta guerra pero al demostrarnos que es capaz de lo peor nos ha atemorizado y ha fortalecido a una Alianza que languidec\u00eda. Cuando comienza un incendio, siempre inesperado, todos quieren apagarlo y ser\u00eda lamentable que nos encontr\u00e1ramos sin bomberos ni medios para sofocarlo. Espa\u00f1a es, tras Luxemburgo, el pa\u00eds de la OTAN que menos invierte en defensa (1,04% del PIB). La cumbre de Madrid ha marcado el objetivo de llegar al 2%. El aut\u00f3crata Putin nos ha unido y el miedo nos ha cambiado. Volviendo a la canci\u00f3n inicial no olvidemos que \u201clo que cambi\u00f3 ayer\/tendr\u00e1 que cambiar ma\u00f1ana\/as\u00ed como cambio yo\/en estas tierras lejanas\u201d.<\/strong><\/p>\n","protected":false},"excerpt":{"rendered":"<p>Cambia lo superficial\/Cambia tambi\u00e9n lo profundo\/Cambia el modo de pensar\/Cambia todo en este mundo&#8230; cantaba Mercedes Sosa en los ochenta. Cuarenta a\u00f1os despu\u00e9s del ingreso de Espa\u00f1a en la OTAN, nuestra percepci\u00f3n ha variado sustancialmente y, como en el poema de Neruda, nosotros, los de entonces, ya no somos los mismos. Tampoco nuestro pa\u00eds ni [&hellip;]<\/p>\n","protected":false},"author":28,"featured_media":2765,"comment_status":"open","ping_status":"open","sticky":false,"template":"","format":"standard","meta":[],"categories":[1],"tags":[2350,683,2349,925,1094],"_links":{"self":[{"href":"https:\/\/blogs.larioja.com\/entrevisillos\/wp-json\/wp\/v2\/posts\/2762"}],"collection":[{"href":"https:\/\/blogs.larioja.com\/entrevisillos\/wp-json\/wp\/v2\/posts"}],"about":[{"href":"https:\/\/blogs.larioja.com\/entrevisillos\/wp-json\/wp\/v2\/types\/post"}],"author":[{"embeddable":true,"href":"https:\/\/blogs.larioja.com\/entrevisillos\/wp-json\/wp\/v2\/users\/28"}],"replies":[{"embeddable":true,"href":"https:\/\/blogs.larioja.com\/entrevisillos\/wp-json\/wp\/v2\/comments?post=2762"}],"version-history":[{"count":2,"href":"https:\/\/blogs.larioja.com\/entrevisillos\/wp-json\/wp\/v2\/posts\/2762\/revisions"}],"predecessor-version":[{"id":2766,"href":"https:\/\/blogs.larioja.com\/entrevisillos\/wp-json\/wp\/v2\/posts\/2762\/revisions\/2766"}],"wp:featuredmedia":[{"embeddable":true,"href":"https:\/\/blogs.larioja.com\/entrevisillos\/wp-json\/wp\/v2\/media\/2765"}],"wp:attachment":[{"href":"https:\/\/blogs.larioja.com\/entrevisillos\/wp-json\/wp\/v2\/media?parent=2762"}],"wp:term":[{"taxonomy":"category","embeddable":true,"href":"https:\/\/blogs.larioja.com\/entrevisillos\/wp-json\/wp\/v2\/categories?post=2762"},{"taxonomy":"post_tag","embeddable":true,"href":"https:\/\/blogs.larioja.com\/entrevisillos\/wp-json\/wp\/v2\/tags?post=2762"}],"curies":[{"name":"wp","href":"https:\/\/api.w.org\/{rel}","templated":true}]}}