{"id":2767,"date":"2022-07-09T06:00:04","date_gmt":"2022-07-09T04:00:04","guid":{"rendered":"https:\/\/blogs.larioja.com\/entrevisillos\/?p=2767"},"modified":"2022-07-08T21:20:29","modified_gmt":"2022-07-08T19:20:29","slug":"vender-a-tu-hija","status":"publish","type":"post","link":"https:\/\/blogs.larioja.com\/entrevisillos\/2022\/07\/09\/vender-a-tu-hija\/","title":{"rendered":"Vender a tu hija"},"content":{"rendered":"<p>Leo un art\u00edculo de \u00c1ngel Sastre desde Kandahar (Afganist\u00e1n) y no puedo sino relativizar los muchos problemas que nos desasosiegan en esta parte del mundo. No puedo sino recordar los versos de Calder\u00f3n en <em>La vida es sue\u00f1o<\/em>, que aprendimos de memoria y que siempre es \u00fatil recordar. Aquellos en los que el sabio se pregunta: \u201c\u00bfHabr\u00e1 otro, entre si dec\u00eda,\/m\u00e1s pobre y triste que yo?\u201d y \u201chall\u00f3 la respuesta, viendo\/que otro sabio iba cogiendo\/las hierbas que \u00e9l arroj\u00f3\u201d. Pues s\u00ed, nuestros problemas son graves porque son los nuestros y los propios siempre se nos antojan m\u00e1s terribles que los del vecino, salvo cuando honestamente los comparamos. Exclamamos que no hay derecho a muchas de las cosas que pasan y nos pasan pero, al menos, tenemos derechos y, aunque las bolsas de pobreza tambi\u00e9n crecen alarmantemente entre nosotros, todav\u00eda no estamos a los niveles de las hambrunas e infortunios de gran parte del mundo.<\/p>\n<p>Mientras vemos la tele o nos comemos un helado millones de ni\u00f1os sufren de\u00a0 desnutrici\u00f3n y sus madres ven rondar la muerte cada vez m\u00e1s cerca. La angustia y la preocupaci\u00f3n con Ucrania ya se nos van pasando conforme vemos las repercusiones en nuestras econom\u00edas. Mientras sufrimos nuestras propios problemas olvidamos los de los dem\u00e1s. Nos pasa a todos.<\/p>\n<p>No es un m\u00e9rito indignarse y enfadarse con las desgracias ajenas pero peor es ignorar que existen y no reconocer que la dimensi\u00f3n de las mismas supera con creces las nuestras. Hace unos d\u00edas cont\u00e9 como en el Afganist\u00e1n de los talibanes los padres de hijos sanos venden sus \u00f3rganos para sobrevivir. En Afganist\u00e1n, los\u00a0 padres de Khalid vendieron uno de sus ri\u00f1ones por 3.500 d\u00f3lares. En ese mismo pa\u00eds, lejano ya para nuestra fr\u00e1gil memoria, cuenta \u00c1ngel Sastre, en <em>El Pa\u00eds<\/em>, c\u00f3mo crece la venta de ni\u00f1as para ser casadas con adultos. Vender a una hija para comer y pagar deudas es como comprar ganado en una feria. El hambre y la miseria han convertido la pr\u00e1ctica en algo cada vez m\u00e1s frecuente. A Afasana, una ni\u00f1a de ocho a\u00f1os, que solo tiene los harapos que lleva puestos y que se peina el pelo con el barro para simular trenzas, la han vendido por 2.300 euros. Su padre, que perdi\u00f3 su trabajo al llegar los talibanes, ha cerrado el trato y cuenta que de los pretendientes que se presentaron a la subasta de su hija eligi\u00f3 al m\u00e1s joven. Afasana llora por las noches. Su padre confiesa que est\u00e1 triste pero le dice que todo ir\u00e1 bien, <em>inshallah<\/em> (si Dios quiere). Quiz\u00e1 comer\u00e1n unos d\u00edas pero pronto tendr\u00e1n que vender a otra hija o mutilar los \u00f3rganos de alg\u00fan hijo. El cacique de la aldea cuenta al periodista, mostrando a un reci\u00e9n nacido de 14 d\u00edas, que su destino ya est\u00e1 cerrado como el de otro grupo de menores que est\u00e1n a la venta. Que la inflaci\u00f3n crezca es una putada pero que lo haga la deshumanizaci\u00f3n, una indignidad.<\/p>\n<p><a href=\"https:\/\/static-blogs.larioja.com\/wp-content\/uploads\/sites\/25\/2022\/07\/Ni\u00f1a-Afganist\u00e1n-2.jpg\"><img loading=\"lazy\" class=\"alignleft size-full wp-image-2771\" src=\"https:\/\/static-blogs.larioja.com\/wp-content\/uploads\/sites\/25\/2022\/07\/Ni\u00f1a-Afganist\u00e1n-2.jpg\" alt=\"\" width=\"1960\" height=\"1470\" srcset=\"https:\/\/static-blogs.larioja.com\/wp-content\/uploads\/sites\/25\/2022\/07\/Ni\u00f1a-Afganist\u00e1n-2.jpg 1960w, https:\/\/static-blogs.larioja.com\/wp-content\/uploads\/sites\/25\/2022\/07\/Ni\u00f1a-Afganist\u00e1n-2-300x225.jpg 300w, https:\/\/static-blogs.larioja.com\/wp-content\/uploads\/sites\/25\/2022\/07\/Ni\u00f1a-Afganist\u00e1n-2-768x576.jpg 768w, https:\/\/static-blogs.larioja.com\/wp-content\/uploads\/sites\/25\/2022\/07\/Ni\u00f1a-Afganist\u00e1n-2-1024x768.jpg 1024w\" sizes=\"(max-width: 1960px) 100vw, 1960px\" \/><\/a><\/p>\n<p>&nbsp;<\/p>\n<p>&nbsp;<\/p>\n","protected":false},"excerpt":{"rendered":"<p>Leo un art\u00edculo de \u00c1ngel Sastre desde Kandahar (Afganist\u00e1n) y no puedo sino relativizar los muchos problemas que nos desasosiegan en esta parte del mundo. No puedo sino recordar los versos de Calder\u00f3n en La vida es sue\u00f1o, que aprendimos de memoria y que siempre es \u00fatil recordar. Aquellos en los que el sabio se [&hellip;]<\/p>\n","protected":false},"author":28,"featured_media":2769,"comment_status":"open","ping_status":"open","sticky":false,"template":"","format":"standard","meta":[],"categories":[1],"tags":[2142,2355,2212,2354,2353,2351,2352],"_links":{"self":[{"href":"https:\/\/blogs.larioja.com\/entrevisillos\/wp-json\/wp\/v2\/posts\/2767"}],"collection":[{"href":"https:\/\/blogs.larioja.com\/entrevisillos\/wp-json\/wp\/v2\/posts"}],"about":[{"href":"https:\/\/blogs.larioja.com\/entrevisillos\/wp-json\/wp\/v2\/types\/post"}],"author":[{"embeddable":true,"href":"https:\/\/blogs.larioja.com\/entrevisillos\/wp-json\/wp\/v2\/users\/28"}],"replies":[{"embeddable":true,"href":"https:\/\/blogs.larioja.com\/entrevisillos\/wp-json\/wp\/v2\/comments?post=2767"}],"version-history":[{"count":2,"href":"https:\/\/blogs.larioja.com\/entrevisillos\/wp-json\/wp\/v2\/posts\/2767\/revisions"}],"predecessor-version":[{"id":2772,"href":"https:\/\/blogs.larioja.com\/entrevisillos\/wp-json\/wp\/v2\/posts\/2767\/revisions\/2772"}],"wp:featuredmedia":[{"embeddable":true,"href":"https:\/\/blogs.larioja.com\/entrevisillos\/wp-json\/wp\/v2\/media\/2769"}],"wp:attachment":[{"href":"https:\/\/blogs.larioja.com\/entrevisillos\/wp-json\/wp\/v2\/media?parent=2767"}],"wp:term":[{"taxonomy":"category","embeddable":true,"href":"https:\/\/blogs.larioja.com\/entrevisillos\/wp-json\/wp\/v2\/categories?post=2767"},{"taxonomy":"post_tag","embeddable":true,"href":"https:\/\/blogs.larioja.com\/entrevisillos\/wp-json\/wp\/v2\/tags?post=2767"}],"curies":[{"name":"wp","href":"https:\/\/api.w.org\/{rel}","templated":true}]}}