{"id":2774,"date":"2022-07-16T06:00:26","date_gmt":"2022-07-16T04:00:26","guid":{"rendered":"https:\/\/blogs.larioja.com\/entrevisillos\/?p=2774"},"modified":"2022-07-15T22:00:10","modified_gmt":"2022-07-15T20:00:10","slug":"victimas","status":"publish","type":"post","link":"https:\/\/blogs.larioja.com\/entrevisillos\/2022\/07\/16\/victimas\/","title":{"rendered":"V\u00edctimas"},"content":{"rendered":"<p><strong>El Parlamento es un escenario propicio para fabricar verdades que se avientan como cuchillos. All\u00ed cada uno construye la suya y la eleva a categor\u00eda de Verdad absoluta e indiscutible. Escuch\u00e1ndolos nosotros bien pudi\u00e9ramos advertir a alg\u00fan orador con palabras de Machado: &#8220;\u00bfDijiste media verdad?\/dir\u00e1n (dir\u00e9) que mientes dos veces\/si dices la otra mitad&#8221;. Si las medias verdades esconden mentiras, en nuestra querida Espa\u00f1a cada cual tiene su verdad y su mentira construidas en oposici\u00f3n a las ajenas.<\/strong><\/p>\n<p><strong>Julio siempre trae recuerdos de otros julios que regaron de sangre nuestra Espa\u00f1a. En este evocamos a Miguel \u00c1ngel Blanco asesinado por ETA hace veinticinco a\u00f1os. A muchos los asesinaron antes y otros lo ser\u00edan despu\u00e9s. La crueldad fue respondida por la sociedad civil y del rechazo naci\u00f3 el denominado esp\u00edritu de Ermua. Afortunadamente la banda terrorista fue derrotada y ya no existe, aunque algunos a\u00f1oren su resurrecci\u00f3n. Por eso es tan importante conocer la verdad y recordarla para que las nuevas generaciones no caigan en veleidades respecto al uso de la violencia. Cuca Gamarra, en nombre del PP, monopolizando, una vez m\u00e1s, el dolor de las v\u00edctimas ha expresado que \u00abel esp\u00edritu de rebeli\u00f3n que naci\u00f3 en Ermua es el mismo que sit\u00faa al PP frente al Gobierno\u00bb. Terrible met\u00e1fora para quienes se conduelen con unas v\u00edctimas y no con otras.<\/strong><\/p>\n<p><strong>Es necesario no olvidar los asesinatos de ETA, condenar y repudiar a sus victimarios pero \u00bfpor qu\u00e9 no merecen igual respeto las v\u00edctimas del franquismo y de la represi\u00f3n en la retaguardia de nuestra guerra civil que todav\u00eda pueblan las cunetas de Espa\u00f1a? \u00bfPor qu\u00e9 a unas es obligado recordarlas y a otras olvidarlas?, \u00bfpor qu\u00e9 algunos hacen chirigotas de los abuelos asesinados y olvidan su condici\u00f3n de v\u00edctimas? A quien le han asesinado a un ser querido nadie puede negarle el necesario tiempo para el duelo, ni la dignidad de un entierro. El dolor es el mismo y el trato no puede ser diferente. No entiendo la hipocres\u00eda.<\/strong><\/p>\n<p><strong>Es hora de que los espa\u00f1oles, desde la fraternidad, cierren las heridas de tanto dolor profundizando en el conocimiento riguroso de nuestra historia. Recordar a unas v\u00edctimas mientras se relega al olvido a las de la dictadura franquista es imperdonable democr\u00e1ticamente. Me disgusta que la ley de Memoria Democr\u00e1tica no sea un\u00e1nime y se haya negociado con Bildu prolongando su \u00e1mbito de aplicaci\u00f3n hasta 1983, a\u00f1o en que ETA asesin\u00f3 a 44 personas. Tambi\u00e9n me disgusta que la dignidad de las v\u00edctimas dependa de la mano que las ejecut\u00f3, del a\u00f1o en que fueron asesinadas y del reconocimiento que dan o niegan quienes construyen mentiras de las verdades a medias. Me disgusta que tras 44 a\u00f1os de vigencia de la Constituci\u00f3n todav\u00eda muchos crean que la historia solo es Historia si coincide con sus ideas o sirve a sus intereses.<\/strong><\/p>\n<p><a href=\"https:\/\/static-blogs.larioja.com\/wp-content\/uploads\/sites\/25\/2022\/07\/Ascensi\u00f3n-Mendieta.jpg\"><img loading=\"lazy\" class=\"size-full wp-image-2777 aligncenter\" src=\"https:\/\/static-blogs.larioja.com\/wp-content\/uploads\/sites\/25\/2022\/07\/Ascensi\u00f3n-Mendieta.jpg\" alt=\"\" width=\"880\" height=\"495\" srcset=\"https:\/\/static-blogs.larioja.com\/wp-content\/uploads\/sites\/25\/2022\/07\/Ascensi\u00f3n-Mendieta.jpg 880w, https:\/\/static-blogs.larioja.com\/wp-content\/uploads\/sites\/25\/2022\/07\/Ascensi\u00f3n-Mendieta-300x169.jpg 300w, https:\/\/static-blogs.larioja.com\/wp-content\/uploads\/sites\/25\/2022\/07\/Ascensi\u00f3n-Mendieta-768x432.jpg 768w\" sizes=\"(max-width: 880px) 100vw, 880px\" \/><\/a><\/p>\n","protected":false},"excerpt":{"rendered":"<p>El Parlamento es un escenario propicio para fabricar verdades que se avientan como cuchillos. All\u00ed cada uno construye la suya y la eleva a categor\u00eda de Verdad absoluta e indiscutible. Escuch\u00e1ndolos nosotros bien pudi\u00e9ramos advertir a alg\u00fan orador con palabras de Machado: &#8220;\u00bfDijiste media verdad?\/dir\u00e1n (dir\u00e9) que mientes dos veces\/si dices la otra mitad&#8221;. Si [&hellip;]<\/p>\n","protected":false},"author":28,"featured_media":2776,"comment_status":"open","ping_status":"open","sticky":false,"template":"","format":"standard","meta":[],"categories":[1],"tags":[444,544,2356,1209,1140,1144],"_links":{"self":[{"href":"https:\/\/blogs.larioja.com\/entrevisillos\/wp-json\/wp\/v2\/posts\/2774"}],"collection":[{"href":"https:\/\/blogs.larioja.com\/entrevisillos\/wp-json\/wp\/v2\/posts"}],"about":[{"href":"https:\/\/blogs.larioja.com\/entrevisillos\/wp-json\/wp\/v2\/types\/post"}],"author":[{"embeddable":true,"href":"https:\/\/blogs.larioja.com\/entrevisillos\/wp-json\/wp\/v2\/users\/28"}],"replies":[{"embeddable":true,"href":"https:\/\/blogs.larioja.com\/entrevisillos\/wp-json\/wp\/v2\/comments?post=2774"}],"version-history":[{"count":2,"href":"https:\/\/blogs.larioja.com\/entrevisillos\/wp-json\/wp\/v2\/posts\/2774\/revisions"}],"predecessor-version":[{"id":2778,"href":"https:\/\/blogs.larioja.com\/entrevisillos\/wp-json\/wp\/v2\/posts\/2774\/revisions\/2778"}],"wp:featuredmedia":[{"embeddable":true,"href":"https:\/\/blogs.larioja.com\/entrevisillos\/wp-json\/wp\/v2\/media\/2776"}],"wp:attachment":[{"href":"https:\/\/blogs.larioja.com\/entrevisillos\/wp-json\/wp\/v2\/media?parent=2774"}],"wp:term":[{"taxonomy":"category","embeddable":true,"href":"https:\/\/blogs.larioja.com\/entrevisillos\/wp-json\/wp\/v2\/categories?post=2774"},{"taxonomy":"post_tag","embeddable":true,"href":"https:\/\/blogs.larioja.com\/entrevisillos\/wp-json\/wp\/v2\/tags?post=2774"}],"curies":[{"name":"wp","href":"https:\/\/api.w.org\/{rel}","templated":true}]}}