{"id":2791,"date":"2022-08-06T06:00:41","date_gmt":"2022-08-06T04:00:41","guid":{"rendered":"https:\/\/blogs.larioja.com\/entrevisillos\/?p=2791"},"modified":"2022-08-05T21:16:10","modified_gmt":"2022-08-05T19:16:10","slug":"el-papa-y-los-diablos","status":"publish","type":"post","link":"https:\/\/blogs.larioja.com\/entrevisillos\/2022\/08\/06\/el-papa-y-los-diablos\/","title":{"rendered":"El papa y los diablos"},"content":{"rendered":"<p><strong> Dice el papa Francisco que \u00abDios lo guiar\u00e1\u00bb para abandonar o no el liderazgo de la Iglesia Cat\u00f3lica. Tendr\u00e1 que enviarle Dios mucha ayuda para soportar los ataques de las rapaces de la Curia. Nadie duda a estas alturas que, en esa comunidad humana que constituye la jerarqu\u00eda de la Iglesia, muchos rezan para que se vaya desde que lleg\u00f3. A buen seguro que este Papa no ha cambiado tantas cosas como pensaba pero es que para vencer las resistencias que ha encontrado hace falta no solo ser el representante de Dios en la Tierra sino, m\u00e1s bien, un semidi\u00f3s dotado de las capacidades m\u00e1gicas de las que carecemos los humanos.<\/strong><\/p>\n<p><strong>\u00a0\u00a0\u00a0\u00a0\u00a0\u00a0\u00a0\u00a0\u00a0\u00a0\u00a0 Hemos podido ver al Papa en Canad\u00e1 con un tocado de plumas, como en los mejores w\u00e9sterns de la historia del lejano Oeste. Ha pedido perd\u00f3n a los ind\u00edgenas desde la humildad y reconociendo que &#8220;muchos miembros de la Iglesia&#8221; cooperaron en &#8220;la destrucci\u00f3n cultural y la asimilaci\u00f3n forzada&#8221; de sus pueblos. Muchos le dicen en la Curia que eso de pedir perd\u00f3n es reconocer las culpas y soportar la consiguiente verg\u00fcenza. Seguramente Francisco no tiene tantas tragaderas c\u00f3mo los que consintieron los abusos cometidos en el internado de la isla de Kuper, abierto en 1889 y regentado por la Iglesia cat\u00f3lica con dinero del gobierno canadiense. Se calcula que 150.000 ni\u00f1os fueron separados de sus familias y llevados a 139 internados. Muchos fallecidos fueron enterrados sin identificar. En 2021, la tribu Penelakut encontr\u00f3 al menos 160 enterramientos, que se suman a m\u00e1s de 1.100 hallados en otros internados de Canad\u00e1. El colegio de Kuper fue demolido en 1980 pero despu\u00e9s todo fue un largo silencio que ahora ha roto el papa Francisco.<\/strong><\/p>\n<p><strong>\u00a0\u00a0\u00a0\u00a0\u00a0\u00a0\u00a0\u00a0\u00a0\u00a0\u00a0 De regreso a casa Francisco ha dado su opini\u00f3n sobre esos cat\u00f3licos que se dan golpes en el pecho, como guardianes de la tradici\u00f3n, y se tienen por m\u00e1s papistas que el Papa. A las pruebas me remito. Dice Francisco: \u00abUna iglesia que no evoluciona es una iglesia que retrocede\u00bb, \u00abMuchas personas que se llaman a s\u00ed mismas tradicionalistas, no lo son, simplemente retroceden. Eso es un pecado\u00bb. \u00abLa tradici\u00f3n es la fe viva de los muertos, en cambio su actitud es la fe muerta de los vivos\u00bb. Ah\u00ed queda eso, una par\u00e1bola en toda regla. Desconozco si el Papa a\u00f1adi\u00f3, citando a San Mateo (19,12), \u00ab\u00a1El que pueda entender, que entienda!\u00bb. Dicen que las trompetas del Concilio de Trento hicieron retumbar desde las criptas a la c\u00fapula del Vaticano. El Papa sigue con sus cosas y ahora mediante el <em>Motu Proprio<\/em> titulado <em>Ad charisma tuendum<\/em> (Para proteger el carisma), ha dinamitado la privilegiada f\u00f3rmula organizativa que hace 40 a\u00f1os Juan Pablo II otorg\u00f3 al <em>Opus Dei<\/em>.<\/strong><\/p>\n<p><strong>\u00a0\u00a0\u00a0\u00a0\u00a0\u00a0\u00a0\u00a0\u00a0\u00a0\u00a0 Me pregunto cu\u00e1nto resistir\u00e1 el Papa el ataque enemigo y a qu\u00e9 Cielo ir\u00e1n los que rezan para perderlo de vista, lo que demostrar\u00eda que los diablos no solo habitan en el Infierno.<\/strong><\/p>\n<p>&nbsp;<\/p>\n","protected":false},"excerpt":{"rendered":"<p>Dice el papa Francisco que \u00abDios lo guiar\u00e1\u00bb para abandonar o no el liderazgo de la Iglesia Cat\u00f3lica. Tendr\u00e1 que enviarle Dios mucha ayuda para soportar los ataques de las rapaces de la Curia. Nadie duda a estas alturas que, en esa comunidad humana que constituye la jerarqu\u00eda de la Iglesia, muchos rezan para que [&hellip;]<\/p>\n","protected":false},"author":28,"featured_media":2793,"comment_status":"open","ping_status":"open","sticky":false,"template":"","format":"standard","meta":[],"categories":[1],"tags":[1294,2366,2363,2364,2367,2365,2362,860],"_links":{"self":[{"href":"https:\/\/blogs.larioja.com\/entrevisillos\/wp-json\/wp\/v2\/posts\/2791"}],"collection":[{"href":"https:\/\/blogs.larioja.com\/entrevisillos\/wp-json\/wp\/v2\/posts"}],"about":[{"href":"https:\/\/blogs.larioja.com\/entrevisillos\/wp-json\/wp\/v2\/types\/post"}],"author":[{"embeddable":true,"href":"https:\/\/blogs.larioja.com\/entrevisillos\/wp-json\/wp\/v2\/users\/28"}],"replies":[{"embeddable":true,"href":"https:\/\/blogs.larioja.com\/entrevisillos\/wp-json\/wp\/v2\/comments?post=2791"}],"version-history":[{"count":1,"href":"https:\/\/blogs.larioja.com\/entrevisillos\/wp-json\/wp\/v2\/posts\/2791\/revisions"}],"predecessor-version":[{"id":2792,"href":"https:\/\/blogs.larioja.com\/entrevisillos\/wp-json\/wp\/v2\/posts\/2791\/revisions\/2792"}],"wp:featuredmedia":[{"embeddable":true,"href":"https:\/\/blogs.larioja.com\/entrevisillos\/wp-json\/wp\/v2\/media\/2793"}],"wp:attachment":[{"href":"https:\/\/blogs.larioja.com\/entrevisillos\/wp-json\/wp\/v2\/media?parent=2791"}],"wp:term":[{"taxonomy":"category","embeddable":true,"href":"https:\/\/blogs.larioja.com\/entrevisillos\/wp-json\/wp\/v2\/categories?post=2791"},{"taxonomy":"post_tag","embeddable":true,"href":"https:\/\/blogs.larioja.com\/entrevisillos\/wp-json\/wp\/v2\/tags?post=2791"}],"curies":[{"name":"wp","href":"https:\/\/api.w.org\/{rel}","templated":true}]}}