{"id":2795,"date":"2022-08-13T06:00:12","date_gmt":"2022-08-13T04:00:12","guid":{"rendered":"https:\/\/blogs.larioja.com\/entrevisillos\/?p=2795"},"modified":"2022-08-13T21:35:18","modified_gmt":"2022-08-13T19:35:18","slug":"politicos-de-lo-imposible","status":"publish","type":"post","link":"https:\/\/blogs.larioja.com\/entrevisillos\/2022\/08\/13\/politicos-de-lo-imposible\/","title":{"rendered":"Pol\u00edticos de lo imposible"},"content":{"rendered":"<p><strong>\u00abSeamos realistas, pidamos lo imposible\u00bb es el viejo y joven lema que, en el ya hist\u00f3rico \u00abmayo del 68\u00bb moviliz\u00f3 a los estudiantes franceses y despu\u00e9s a toda la sociedad. El resultado deriv\u00f3 en una transformaci\u00f3n social y pol\u00edtica de Europa. As\u00ed que esa antigua proclama de hace m\u00e1s de medio siglo, atribuida al fil\u00f3sofo Herbert Marcuse, es bueno recordarla tanto en los libros de historia como recuperarla para cambiar lo que no nos gusta. Si nuestro tel\u00e9fono sabe m\u00e1s de nosotros que nosotros mismos, si nos hablan como a ni\u00f1os, si las redes sociales nos dicen lo que tenemos que pensar y si la comodidad y el ritmo fren\u00e9tico en el que vivimos nos impiden reflexionar estamos aceptando un modo de vida y una concepci\u00f3n del mundo que no nace de nosotros mismos. Asistimos a un relato infantilizado de la realidad actual al que nos conducen cada d\u00eda en debates absurdos que cuestionan nuestra inteligencia y nuestra conciencia cr\u00edtica.<\/strong><\/p>\n<p><strong>\u00a0\u00a0\u00a0\u00a0\u00a0\u00a0\u00a0\u00a0\u00a0\u00a0\u00a0 Quiz\u00e1 hoy exigir lo imposible es algo tan sencillo como pedir, por ejemplo, a nuestros pol\u00edticos, que nos seduzcan desde la inteligencia de sus propuestas y no desde el insulto permanente y cansino a su contrario. Al fin y al cabo, en la vida los contrarios se complementan. La cr\u00edtica es tan necesaria en democracia como que ella lleve aparejada la propuesta alternativa. Es tiempo de enamorar desde las ideas y no desde la extrema tensi\u00f3n que nos divide. Comienza a ser agotadora la ausencia de mirada larga, la carencia de rigor en el an\u00e1lisis de los problemas o la sequ\u00eda de soluciones. En fin, el \u2018NO\u2019 a todo y el yo soy la soluci\u00f3n porque lo digo yo, resulta agotador.<\/strong><\/p>\n<p><strong>\u00a0\u00a0\u00a0\u00a0\u00a0\u00a0\u00a0\u00a0\u00a0\u00a0\u00a0 Se dice, desde Arist\u00f3teles a Churchill y hasta hoy, que la pol\u00edtica es el arte de lo posible. A lo mejor es el momento de exigir lo imposible. Escribi\u00f3 Stig Dagerman que \u201cser el pol\u00edtico de lo imposible en un mundo donde los pol\u00edticos de lo posible son muy numerosos\u201d era un rol que le satisfac\u00eda como individuo tanto como ser social. Y es que, efectivamente, la cantinela de lo posible limita tanto nuestras aspiraciones que nos lleva a la resignaci\u00f3n. Si los pol\u00edticos tienden a tratarnos como a ni\u00f1os es quiz\u00e1 porque ni la madurez ni la inteligencias, ni por supuesto la audacia, ha llegado a ese Olimpo de los dioses de lo posible. \u00bfCon qu\u00e9 nos intentan seducir en la actualidad?: con gritos. El concurso lo gana el que m\u00e1s grita, no el que m\u00e1s convence pues los argumentos no se escuchan, ni siquiera forman parte del discurso. Hay quien crey\u00e9ndose importante jam\u00e1s propone nada importante. Carentes de madurez democr\u00e1tica navegamos en un mar de simplezas que dan r\u00e9ditos en el corto plazo y luego decepcionan porque encallan en el acantilado de la realidad. Ser\u00eda bueno que existieran pol\u00edticos de lo imposible que nosotros ya sabremos diferenciar las limitaciones de lo posible.<\/strong><\/p>\n","protected":false},"excerpt":{"rendered":"<p>\u00abSeamos realistas, pidamos lo imposible\u00bb es el viejo y joven lema que, en el ya hist\u00f3rico \u00abmayo del 68\u00bb moviliz\u00f3 a los estudiantes franceses y despu\u00e9s a toda la sociedad. El resultado deriv\u00f3 en una transformaci\u00f3n social y pol\u00edtica de Europa. As\u00ed que esa antigua proclama de hace m\u00e1s de medio siglo, atribuida al fil\u00f3sofo [&hellip;]<\/p>\n","protected":false},"author":28,"featured_media":2796,"comment_status":"open","ping_status":"open","sticky":false,"template":"","format":"standard","meta":[],"categories":[1],"tags":[2372,2371,2368,2370,2369],"_links":{"self":[{"href":"https:\/\/blogs.larioja.com\/entrevisillos\/wp-json\/wp\/v2\/posts\/2795"}],"collection":[{"href":"https:\/\/blogs.larioja.com\/entrevisillos\/wp-json\/wp\/v2\/posts"}],"about":[{"href":"https:\/\/blogs.larioja.com\/entrevisillos\/wp-json\/wp\/v2\/types\/post"}],"author":[{"embeddable":true,"href":"https:\/\/blogs.larioja.com\/entrevisillos\/wp-json\/wp\/v2\/users\/28"}],"replies":[{"embeddable":true,"href":"https:\/\/blogs.larioja.com\/entrevisillos\/wp-json\/wp\/v2\/comments?post=2795"}],"version-history":[{"count":3,"href":"https:\/\/blogs.larioja.com\/entrevisillos\/wp-json\/wp\/v2\/posts\/2795\/revisions"}],"predecessor-version":[{"id":2799,"href":"https:\/\/blogs.larioja.com\/entrevisillos\/wp-json\/wp\/v2\/posts\/2795\/revisions\/2799"}],"wp:featuredmedia":[{"embeddable":true,"href":"https:\/\/blogs.larioja.com\/entrevisillos\/wp-json\/wp\/v2\/media\/2796"}],"wp:attachment":[{"href":"https:\/\/blogs.larioja.com\/entrevisillos\/wp-json\/wp\/v2\/media?parent=2795"}],"wp:term":[{"taxonomy":"category","embeddable":true,"href":"https:\/\/blogs.larioja.com\/entrevisillos\/wp-json\/wp\/v2\/categories?post=2795"},{"taxonomy":"post_tag","embeddable":true,"href":"https:\/\/blogs.larioja.com\/entrevisillos\/wp-json\/wp\/v2\/tags?post=2795"}],"curies":[{"name":"wp","href":"https:\/\/api.w.org\/{rel}","templated":true}]}}