{"id":2801,"date":"2022-08-20T06:00:28","date_gmt":"2022-08-20T04:00:28","guid":{"rendered":"https:\/\/blogs.larioja.com\/entrevisillos\/?p=2801"},"modified":"2022-08-19T20:30:31","modified_gmt":"2022-08-19T18:30:31","slug":"contra-el-fanatismo","status":"publish","type":"post","link":"https:\/\/blogs.larioja.com\/entrevisillos\/2022\/08\/20\/contra-el-fanatismo\/","title":{"rendered":"Contra el fanatismo"},"content":{"rendered":"<p><strong>\u00ab\u00bfC\u00f3mo curar a un fan\u00e1tico?\u00bb, se preguntaba el escritor Amos Oz sobre el conflicto jud\u00edo\/palestino. Ley\u00e9ndolo estaba cuando el escritor Salman Rushdie fue agredido salvajemente mientras impart\u00eda una conferencia en Chautauqua, estado de Nueva York. Me impresion\u00f3 tanto como en 1989 la orden religiosa del ayatol\u00e1 Jomein\u00ed animando a darle muerte. No s\u00e9 c\u00f3mo se puede vivir un d\u00eda tras otro sintiendo dentro de ti el miedo a saberte sentenciado. Salman Rushdie lleva treinta y tres a\u00f1os superando esa angustia. Defendiendo el maravilloso derecho a la libertad de expresi\u00f3n, ha sabido seguir escribiendo y viviendo con la sombra de esa amenaza. Seguramente es m\u00e1s feliz que sus enemigos porque tiene su vida propia y respeta la vida de los que le odian.<\/strong><\/p>\n<p><strong>Fue nuestro Francisco de Goya quien nos ense\u00f1\u00f3 en uno de sus grabados que el sue\u00f1o de la raz\u00f3n produce monstruos. Pero la carencia de sentimientos, la ausencia de humanidad y de respeto a la libertad de los dem\u00e1s crea otros monstruos extremadamente destructivos. Producen odio y el odio es el germen de la intolerancia y del fanatismo que, no solo es religioso como el que padece Salman Rushdie. Hay muchas otras clases de intransigencia ideol\u00f3gica. Como explica Amos Oz, el fanatismo es m\u00e1s viejo que el Islam, el cristianismo o el juda\u00edsmo, es un componente de la naturaleza humana. Todos llevamos dentro un fan\u00e1tico en potencia, una simiente de talib\u00e1n de cualquier credo va dentro de nosotros y es preciso mantenerlo a raya para que no destruya nuestra bondad. Quiz\u00e1 la mejor forma de contener esa semilla del mal consista en ponerse en el lugar del otro, intentar comprenderlo y, sobre todo, no o\u00edrlo, como quien oye llover, sino escucharlo. El fanatismo creciente en nuestra sociedad es una epidemia que se extiende porque solo interesa lo que coincide con nuestra forma de ver las cosas, lo dem\u00e1s se desprecia, se ignora y no se realiza el menor esfuerzo por comprender el dolor del otro, los miedos ajenos o la desesperanza de muchos. El egocentrismo tambi\u00e9n va unido al fanatismo.<\/strong><\/p>\n<p><strong>Un ejemplo de la obsesi\u00f3n por lo propio y desprecio por lo ajeno acaba de producirse en Barcelona. Un grupo de radicales independentistas boicotearon en Barcelona el homenaje a las v\u00edctimas del atentado de las Ramblas en 2017, que provoc\u00f3 16 muertos y m\u00e1s 100 heridos de 24 nacionalidades. Los familiares de los asesinados vieron interrumpido el minuto de silencio y la evocaci\u00f3n de su propio dolor por varios exaltados que increparon a los presentes mientras alguno gritaba \u00abEspa\u00f1a es un Estado asesino, queremos la verdad, hip\u00f3critas\u00bb. Aunque el asombro fue generalizado, la expresidenta del Parlament, Laura Borr\u00e1s, no dud\u00f3 en saludar con euforia a los saboteadores. Una indignidad que evidencia que hay algunos que jam\u00e1s desactivan al fan\u00e1tico que llevan dentro.<\/strong><\/p>\n<p><a href=\"https:\/\/static-blogs.larioja.com\/wp-content\/uploads\/sites\/25\/2022\/08\/SALMAN-RUSHDIE.jpg\"><img loading=\"lazy\" class=\"size-full wp-image-2804 aligncenter\" src=\"https:\/\/static-blogs.larioja.com\/wp-content\/uploads\/sites\/25\/2022\/08\/SALMAN-RUSHDIE.jpg\" alt=\"\" width=\"604\" height=\"339\" srcset=\"https:\/\/static-blogs.larioja.com\/wp-content\/uploads\/sites\/25\/2022\/08\/SALMAN-RUSHDIE.jpg 604w, https:\/\/static-blogs.larioja.com\/wp-content\/uploads\/sites\/25\/2022\/08\/SALMAN-RUSHDIE-300x168.jpg 300w\" sizes=\"(max-width: 604px) 100vw, 604px\" \/><\/a><\/p>\n","protected":false},"excerpt":{"rendered":"<p>\u00ab\u00bfC\u00f3mo curar a un fan\u00e1tico?\u00bb, se preguntaba el escritor Amos Oz sobre el conflicto jud\u00edo\/palestino. Ley\u00e9ndolo estaba cuando el escritor Salman Rushdie fue agredido salvajemente mientras impart\u00eda una conferencia en Chautauqua, estado de Nueva York. Me impresion\u00f3 tanto como en 1989 la orden religiosa del ayatol\u00e1 Jomein\u00ed animando a darle muerte. No s\u00e9 c\u00f3mo se [&hellip;]<\/p>\n","protected":false},"author":28,"featured_media":2802,"comment_status":"open","ping_status":"open","sticky":false,"template":"","format":"standard","meta":[],"categories":[1],"tags":[2376,2373,2212,2375,2374],"_links":{"self":[{"href":"https:\/\/blogs.larioja.com\/entrevisillos\/wp-json\/wp\/v2\/posts\/2801"}],"collection":[{"href":"https:\/\/blogs.larioja.com\/entrevisillos\/wp-json\/wp\/v2\/posts"}],"about":[{"href":"https:\/\/blogs.larioja.com\/entrevisillos\/wp-json\/wp\/v2\/types\/post"}],"author":[{"embeddable":true,"href":"https:\/\/blogs.larioja.com\/entrevisillos\/wp-json\/wp\/v2\/users\/28"}],"replies":[{"embeddable":true,"href":"https:\/\/blogs.larioja.com\/entrevisillos\/wp-json\/wp\/v2\/comments?post=2801"}],"version-history":[{"count":3,"href":"https:\/\/blogs.larioja.com\/entrevisillos\/wp-json\/wp\/v2\/posts\/2801\/revisions"}],"predecessor-version":[{"id":2805,"href":"https:\/\/blogs.larioja.com\/entrevisillos\/wp-json\/wp\/v2\/posts\/2801\/revisions\/2805"}],"wp:featuredmedia":[{"embeddable":true,"href":"https:\/\/blogs.larioja.com\/entrevisillos\/wp-json\/wp\/v2\/media\/2802"}],"wp:attachment":[{"href":"https:\/\/blogs.larioja.com\/entrevisillos\/wp-json\/wp\/v2\/media?parent=2801"}],"wp:term":[{"taxonomy":"category","embeddable":true,"href":"https:\/\/blogs.larioja.com\/entrevisillos\/wp-json\/wp\/v2\/categories?post=2801"},{"taxonomy":"post_tag","embeddable":true,"href":"https:\/\/blogs.larioja.com\/entrevisillos\/wp-json\/wp\/v2\/tags?post=2801"}],"curies":[{"name":"wp","href":"https:\/\/api.w.org\/{rel}","templated":true}]}}