{"id":2808,"date":"2022-08-27T08:05:15","date_gmt":"2022-08-27T06:05:15","guid":{"rendered":"https:\/\/blogs.larioja.com\/entrevisillos\/?p=2808"},"modified":"2022-08-27T08:05:16","modified_gmt":"2022-08-27T06:05:16","slug":"agostos","status":"publish","type":"post","link":"https:\/\/blogs.larioja.com\/entrevisillos\/2022\/08\/27\/agostos\/","title":{"rendered":"Agostos"},"content":{"rendered":"<p><strong>Dada la fr\u00e1gil memoria de nuestra sociedad no est\u00e1 de m\u00e1s recordar el pasado, no solo el m\u00e1s lejano, tambi\u00e9n el m\u00e1s reciente. Fue un 18 de agosto de 1936 cuando hombres armados dispararon balas de odio e intolerancia sobre nuestro joven poeta Federico Garc\u00eda Lorca. De casa del poeta Luis Rosales se lo llevaron a empujones e insultos \u201ccon toda su muerte a cuestas.\/Buscaba el amanecer,\/y el amanecer no era\u201d. Su legado qued\u00f3 vivo y eterno, sus asesinos en la obscuridad de un agujero.<\/strong><\/p>\n<p><strong>No fue el \u00fanico poeta asesinado en agosto. En 1952, en la Uni\u00f3n Sovi\u00e9tica, el tirano Iosif\u00a0Stalin conden\u00f3 a trece intelectuales, un crimen que sumar\u00e1 a la larga lista de asesinados en su mandato. Ser miembros del Comit\u00e9 Jud\u00edo Antifascista y comunistas confesos no les libr\u00f3 de la tortura ni de los cargos de espionaje, traici\u00f3n y conspiraci\u00f3n contra el estado. La peregrina imputaci\u00f3n fue la de querer establecer un estado jud\u00edo en Crimea con supervivientes del Holocausto y el apoyo de EEUU para, en un futuro no lejano, invadir la URSS. Fueron ejecutados en la noche del 12 de agosto en Mosc\u00fa, en los s\u00f3tanos de la tristemente c\u00e9lebre prisi\u00f3n de Lubyanka, en lo que se conoce como la \u00abNoche de los Poetas Asesinados\u00bb. Quede aqu\u00ed constancia, 70 a\u00f1os despu\u00e9s, de un suceso olvidado en la letra peque\u00f1a de la historia.<\/strong><\/p>\n<p><strong>Tambi\u00e9n un 23 de agosto de 1939 se firm\u00f3 el Pacto Molotov-Ribbentrop por el que la Uni\u00f3n Sovi\u00e9tica y Alemania, antes de ser enemigos, se dividieron Europa con protocolos secretos. Sabemos lo que ocurri\u00f3 despu\u00e9s por eso en 2008 se declar\u00f3 esa fecha D\u00eda Europeo de las V\u00edctimas del Estalinismo y el Nazismo para rememorar deportaciones, asesinatos y esclavizaci\u00f3n perpetrados por el estalinismo y el nazismo.<\/strong><\/p>\n<p><strong>El 24 de agosto se han cumplido 6 meses de la invasi\u00f3n de Ucrania por la Rusia de Putin. Hemos visto la muerte, el miedo y el dolor como en aquellos tiempos. Nos hemos condolido y asustado y luego lo hemos olvidado mientras nos vamos de vacaciones o tomamos una ca\u00f1a criticando gobiernos por la que se nos avecina este invierno. Todo pasa lejos, muy lejos. M\u00e1s all\u00e1 todav\u00eda, en Afganist\u00e1n se cumple un a\u00f1o de que los talibanes, procedentes del medievo, tomaran el poder. Nos hemos acostumbrado a ver como el fanatismo ha construido una inmensa prisi\u00f3n para hombres y mujeres afganos a los que solo ofrecen represi\u00f3n y miseria.<\/strong><\/p>\n<p><strong>Por eso creo que agosto es un mes c\u00e1lido y g\u00e9lido porque hierve y hiela la sangre al mismo tiempo en cuanto miras m\u00e1s all\u00e1 de ti mismo. Escribi\u00f3 la poeta rusa Ana Ajm\u00e1tova, tambi\u00e9n censurada, \u00abUnos van por un sendero recto\/Otros caminan en c\u00edrculo, (\u2026) Mi camino, en cambio, no es ni recto, ni curvo,\/Llevo conmigo el infortunio,\/Voy hacia nunca, hacia ninguna parte,\/como un tren sobre el abismo\u00bb. Estoy pesimista, veo que hoy el mundo camina al borde del abismo.<\/strong><\/p>\n<p style=\"text-align: center;\"><a href=\"https:\/\/static-blogs.larioja.com\/wp-content\/uploads\/sites\/25\/2022\/08\/MUJERES-EN-KABUL.jpeg\"><img loading=\"lazy\" class=\"size-full wp-image-2813 aligncenter\" src=\"https:\/\/static-blogs.larioja.com\/wp-content\/uploads\/sites\/25\/2022\/08\/MUJERES-EN-KABUL.jpeg\" alt=\"\" width=\"1200\" height=\"675\" srcset=\"https:\/\/static-blogs.larioja.com\/wp-content\/uploads\/sites\/25\/2022\/08\/MUJERES-EN-KABUL.jpeg 1200w, https:\/\/static-blogs.larioja.com\/wp-content\/uploads\/sites\/25\/2022\/08\/MUJERES-EN-KABUL-300x169.jpeg 300w, https:\/\/static-blogs.larioja.com\/wp-content\/uploads\/sites\/25\/2022\/08\/MUJERES-EN-KABUL-768x432.jpeg 768w, https:\/\/static-blogs.larioja.com\/wp-content\/uploads\/sites\/25\/2022\/08\/MUJERES-EN-KABUL-1024x576.jpeg 1024w\" sizes=\"(max-width: 1200px) 100vw, 1200px\" \/><\/a><\/p>\n<p>&nbsp;<\/p>\n","protected":false},"excerpt":{"rendered":"<p>Dada la fr\u00e1gil memoria de nuestra sociedad no est\u00e1 de m\u00e1s recordar el pasado, no solo el m\u00e1s lejano, tambi\u00e9n el m\u00e1s reciente. Fue un 18 de agosto de 1936 cuando hombres armados dispararon balas de odio e intolerancia sobre nuestro joven poeta Federico Garc\u00eda Lorca. De casa del poeta Luis Rosales se lo llevaron [&hellip;]<\/p>\n","protected":false},"author":28,"featured_media":2810,"comment_status":"open","ping_status":"open","sticky":false,"template":"","format":"standard","meta":[],"categories":[1],"tags":[2382,2381,2142,2377,2380,2378,2257,2379,2146,2273],"_links":{"self":[{"href":"https:\/\/blogs.larioja.com\/entrevisillos\/wp-json\/wp\/v2\/posts\/2808"}],"collection":[{"href":"https:\/\/blogs.larioja.com\/entrevisillos\/wp-json\/wp\/v2\/posts"}],"about":[{"href":"https:\/\/blogs.larioja.com\/entrevisillos\/wp-json\/wp\/v2\/types\/post"}],"author":[{"embeddable":true,"href":"https:\/\/blogs.larioja.com\/entrevisillos\/wp-json\/wp\/v2\/users\/28"}],"replies":[{"embeddable":true,"href":"https:\/\/blogs.larioja.com\/entrevisillos\/wp-json\/wp\/v2\/comments?post=2808"}],"version-history":[{"count":3,"href":"https:\/\/blogs.larioja.com\/entrevisillos\/wp-json\/wp\/v2\/posts\/2808\/revisions"}],"predecessor-version":[{"id":2814,"href":"https:\/\/blogs.larioja.com\/entrevisillos\/wp-json\/wp\/v2\/posts\/2808\/revisions\/2814"}],"wp:featuredmedia":[{"embeddable":true,"href":"https:\/\/blogs.larioja.com\/entrevisillos\/wp-json\/wp\/v2\/media\/2810"}],"wp:attachment":[{"href":"https:\/\/blogs.larioja.com\/entrevisillos\/wp-json\/wp\/v2\/media?parent=2808"}],"wp:term":[{"taxonomy":"category","embeddable":true,"href":"https:\/\/blogs.larioja.com\/entrevisillos\/wp-json\/wp\/v2\/categories?post=2808"},{"taxonomy":"post_tag","embeddable":true,"href":"https:\/\/blogs.larioja.com\/entrevisillos\/wp-json\/wp\/v2\/tags?post=2808"}],"curies":[{"name":"wp","href":"https:\/\/api.w.org\/{rel}","templated":true}]}}