{"id":2815,"date":"2022-08-30T10:21:51","date_gmt":"2022-08-30T08:21:51","guid":{"rendered":"https:\/\/blogs.larioja.com\/entrevisillos\/?p=2815"},"modified":"2022-08-30T10:21:51","modified_gmt":"2022-08-30T08:21:51","slug":"calahorra-1935-la-feria-de-los-dos-belmonte","status":"publish","type":"post","link":"https:\/\/blogs.larioja.com\/entrevisillos\/2022\/08\/30\/calahorra-1935-la-feria-de-los-dos-belmonte\/","title":{"rendered":"Calahorra 1935. La feria de los dos Belmonte"},"content":{"rendered":"<p>&nbsp;<\/p>\n<div dir=\"auto\">1935: LOS BELMONTE EN CALAHORRA.<\/div>\n<div dir=\"auto\">Como estamos en fiestas voy a contaros una historia de la feria taurina del a\u00f1o 1935. Aquel a\u00f1o, el d\u00eda 31 de agosto tore\u00f3 en Calahorra el gran torero Juan Belmonte que, como sabr\u00e9is, revolucion\u00f3 el toreo en los a\u00f1os veinte. Esta leyenda del toreo tuvo un hijo extramatrimonial, Juan Belmonte Campoy al que terminar\u00eda por reconocer pues era una copia de \u00e9l mismo. Ese a\u00f1o de 1935, tambi\u00e9n tore\u00f3 Juan Belmonte hijo junto al hijo de Ignacio S\u00e1nchez Mej\u00edas (el de los poemas de Garc\u00eda Lorca) en la finca que ten\u00edan los D\u00edaz en El Recuenco. Es una historia desconocida que he podido recuperar y que se cuenta en el programa de Fiestas del Club Taurino de Calahorra de este a\u00f1o, cuando se cumplen 60 a\u00f1os de la muerte del gran Belmonte. Se titula &#8220;1935: La feria de los dos Belmonte&#8221;. Aqu\u00ed os dejo una foto de los dos y otra del retrato que de Belmonte padre hizo el gran pintor Ignacio Zuloaga\u00a1 Felices Fiestas!<\/div>\n<div dir=\"auto\"><\/div>\n<div dir=\"auto\">Si pinch\u00e1is este enlace que os acompa\u00f1o pod\u00e9is leer el art\u00edculo completo:\u00a0 <strong>\u00a0<a href=\"https:\/\/static-blogs.larioja.com\/wp-content\/uploads\/sites\/25\/2022\/08\/1935.-La-feria-de-los-dos-Belmonte.pdf\" target=\"_blank\" rel=\"noopener\">1935. La feria de lo<\/a><a href=\"https:\/\/static-blogs.larioja.com\/wp-content\/uploads\/sites\/25\/2022\/08\/1935.-La-feria-de-los-dos-Belmonte.pdf\" target=\"_blank\" rel=\"noopener\">s dos Belmonte<\/a><\/strong><\/div>\n<p style=\"text-align: center;\"><a href=\"https:\/\/static-blogs.larioja.com\/wp-content\/uploads\/sites\/25\/2022\/08\/Belmonte-padre-e-hijo.2.jpg\"><img loading=\"lazy\" class=\"size-full wp-image-2819 aligncenter\" src=\"https:\/\/static-blogs.larioja.com\/wp-content\/uploads\/sites\/25\/2022\/08\/Belmonte-padre-e-hijo.2.jpg\" alt=\"\" width=\"329\" height=\"499\" srcset=\"https:\/\/static-blogs.larioja.com\/wp-content\/uploads\/sites\/25\/2022\/08\/Belmonte-padre-e-hijo.2.jpg 329w, https:\/\/static-blogs.larioja.com\/wp-content\/uploads\/sites\/25\/2022\/08\/Belmonte-padre-e-hijo.2-198x300.jpg 198w\" sizes=\"(max-width: 329px) 100vw, 329px\" \/><\/a><\/p>\n","protected":false},"excerpt":{"rendered":"<p>&nbsp; 1935: LOS BELMONTE EN CALAHORRA. Como estamos en fiestas voy a contaros una historia de la feria taurina del a\u00f1o 1935. Aquel a\u00f1o, el d\u00eda 31 de agosto tore\u00f3 en Calahorra el gran torero Juan Belmonte que, como sabr\u00e9is, revolucion\u00f3 el toreo en los a\u00f1os veinte. Esta leyenda del toreo tuvo un hijo extramatrimonial, [&hellip;]<\/p>\n","protected":false},"author":28,"featured_media":2820,"comment_status":"open","ping_status":"open","sticky":false,"template":"","format":"standard","meta":[],"categories":[1],"tags":[2384,1488,2385,2383],"_links":{"self":[{"href":"https:\/\/blogs.larioja.com\/entrevisillos\/wp-json\/wp\/v2\/posts\/2815"}],"collection":[{"href":"https:\/\/blogs.larioja.com\/entrevisillos\/wp-json\/wp\/v2\/posts"}],"about":[{"href":"https:\/\/blogs.larioja.com\/entrevisillos\/wp-json\/wp\/v2\/types\/post"}],"author":[{"embeddable":true,"href":"https:\/\/blogs.larioja.com\/entrevisillos\/wp-json\/wp\/v2\/users\/28"}],"replies":[{"embeddable":true,"href":"https:\/\/blogs.larioja.com\/entrevisillos\/wp-json\/wp\/v2\/comments?post=2815"}],"version-history":[{"count":6,"href":"https:\/\/blogs.larioja.com\/entrevisillos\/wp-json\/wp\/v2\/posts\/2815\/revisions"}],"predecessor-version":[{"id":2825,"href":"https:\/\/blogs.larioja.com\/entrevisillos\/wp-json\/wp\/v2\/posts\/2815\/revisions\/2825"}],"wp:featuredmedia":[{"embeddable":true,"href":"https:\/\/blogs.larioja.com\/entrevisillos\/wp-json\/wp\/v2\/media\/2820"}],"wp:attachment":[{"href":"https:\/\/blogs.larioja.com\/entrevisillos\/wp-json\/wp\/v2\/media?parent=2815"}],"wp:term":[{"taxonomy":"category","embeddable":true,"href":"https:\/\/blogs.larioja.com\/entrevisillos\/wp-json\/wp\/v2\/categories?post=2815"},{"taxonomy":"post_tag","embeddable":true,"href":"https:\/\/blogs.larioja.com\/entrevisillos\/wp-json\/wp\/v2\/tags?post=2815"}],"curies":[{"name":"wp","href":"https:\/\/api.w.org\/{rel}","templated":true}]}}