{"id":2832,"date":"2022-09-10T06:00:06","date_gmt":"2022-09-10T04:00:06","guid":{"rendered":"https:\/\/blogs.larioja.com\/entrevisillos\/?p=2832"},"modified":"2022-09-09T22:18:51","modified_gmt":"2022-09-09T20:18:51","slug":"el-mago-lesmes","status":"publish","type":"post","link":"https:\/\/blogs.larioja.com\/entrevisillos\/2022\/09\/10\/el-mago-lesmes\/","title":{"rendered":"El mago Lesmes"},"content":{"rendered":"<p><strong>Cuentan los duendes que se ocultan entre la duda y el remordimiento que la v\u00edspera de la apertura del a\u00f1o judicial, Carlos Lesmes, flamante Presidente del Tribunal Supremo de Espa\u00f1a y del Consejo General del Poder Judicial, durmi\u00f3 fatal. Padeci\u00f3 de un tipo de pesadillas que ni el propio Freud imagin\u00f3. La visi\u00f3n que lo sobresalt\u00f3 jam\u00e1s hab\u00eda ocurrido en Espa\u00f1a desde que la democracia habit\u00f3 entre nosotros. Todo comenz\u00f3 en diciembre de 2018 cuando su mandato caduc\u00f3 y se qued\u00f3 en funciones esperando un relevo que nunca llega. Desde entonces Lesmes sue\u00f1a que su barba crece y crece cada d\u00eda que pasa. Al principio se so\u00f1\u00f3 como el mago Gandalf el Gris, en el Se\u00f1or de los Anillos, pero seg\u00fan pasan los d\u00edas, los meses y los a\u00f1os, se sue\u00f1a cayendo por los abismos como un yogur con fecha de caducidad que solo puede ser devorado por los orcos malvados porque las gentes de bien de la Tierra Media jam\u00e1s de los jamases lo acoger\u00edan. Mientras vagaba por los eternos la luz lo resucit\u00f3 del sue\u00f1o y se vio a s\u00ed mismo con cientos de a\u00f1os, como Gandalf el Blanco, empu\u00f1ando su bast\u00f3n m\u00e1gico e iluminando desde la Tierra Media hasta Espa\u00f1a en su sill\u00f3n del Tribunal Supremo. El susto y la amenaza de la eternidad de su cargo le dieron la fuerza que no tuvo a\u00f1os atr\u00e1s. Recortando su barba, menos luenga que la de Gandalf, exclam\u00f3: -\u00a1Se van a enterar los elfos, los enanos, los hobbits, los tirios y los troyanos!<\/strong><\/p>\n<p><strong>\u00a0\u00a0\u00a0\u00a0\u00a0\u00a0\u00a0\u00a0\u00a0\u00a0\u00a0 Cuando Lesmes abri\u00f3 la boca la expectaci\u00f3n era m\u00e1xima en el sal\u00f3n del Tribunal Supremo. Muchos quedaron estupefactos, incluido el rey de Espa\u00f1a que evit\u00f3 pesta\u00f1ear. Su voz atron\u00f3 como la del mago Gandalf. Dijo que el deterioro de la Justicia es una hecatombe y que si los partidos mayoritarios no llegan a un acuerdo en breve los cielos se abrir\u00e1n, rugir\u00e1n los vientos y tendr\u00e1 que adoptar decisiones que \u201cni queremos ni nos gustan\u201d. A m\u00e1s de uno se le ha helado la sonrisa. Lesmes es un magistrado conservador que sirvi\u00f3 al gobierno de Aznar como director general de Relaciones con la Administraci\u00f3n de Justicia.<\/strong><\/p>\n<p><strong>\u00a0 \u00a0 \u00a0 \u00a0 \u00a0 \u00a0 Aunque a Alberto Nu\u00f1ez Feij\u00f3o no se le han movido ni las gafas, sabe que \u00e9sta es una dura advertencia que procede de su campo ideol\u00f3gico. Uno de los suyos ha dicho, alto y claro, que no cumplir la Constituci\u00f3n es un \u201cestropicio\u201d sin precedentes para la Justicia y para Espa\u00f1a. Es un error creer que a la ciudadan\u00eda no le preocupa tener un Consejo General del Poder Judicial caducado porque cada d\u00eda es m\u00e1s evidente quien promueve, avala y se beneficia del reiterado incumplimiento de la Constituci\u00f3n. La credibilidad pol\u00edtica no se consigue propinando una patada a la Justicia y a la Carta Magna. Incumplir la ley sin rubor ni verg\u00fcenza y pedir despu\u00e9s respeto es demasiado c\u00ednico. Esta prolongada insumisi\u00f3n constitucional es una villan\u00eda, un mot\u00edn democr\u00e1ticamente imperdonable.<\/strong><\/p>\n<p>&nbsp;<\/p>\n","protected":false},"excerpt":{"rendered":"<p>Cuentan los duendes que se ocultan entre la duda y el remordimiento que la v\u00edspera de la apertura del a\u00f1o judicial, Carlos Lesmes, flamante Presidente del Tribunal Supremo de Espa\u00f1a y del Consejo General del Poder Judicial, durmi\u00f3 fatal. Padeci\u00f3 de un tipo de pesadillas que ni el propio Freud imagin\u00f3. La visi\u00f3n que lo [&hellip;]<\/p>\n","protected":false},"author":28,"featured_media":2834,"comment_status":"open","ping_status":"open","sticky":false,"template":"","format":"standard","meta":[],"categories":[1],"tags":[227,2390,2391,2394,2395,2393,2392,1643],"_links":{"self":[{"href":"https:\/\/blogs.larioja.com\/entrevisillos\/wp-json\/wp\/v2\/posts\/2832"}],"collection":[{"href":"https:\/\/blogs.larioja.com\/entrevisillos\/wp-json\/wp\/v2\/posts"}],"about":[{"href":"https:\/\/blogs.larioja.com\/entrevisillos\/wp-json\/wp\/v2\/types\/post"}],"author":[{"embeddable":true,"href":"https:\/\/blogs.larioja.com\/entrevisillos\/wp-json\/wp\/v2\/users\/28"}],"replies":[{"embeddable":true,"href":"https:\/\/blogs.larioja.com\/entrevisillos\/wp-json\/wp\/v2\/comments?post=2832"}],"version-history":[{"count":1,"href":"https:\/\/blogs.larioja.com\/entrevisillos\/wp-json\/wp\/v2\/posts\/2832\/revisions"}],"predecessor-version":[{"id":2833,"href":"https:\/\/blogs.larioja.com\/entrevisillos\/wp-json\/wp\/v2\/posts\/2832\/revisions\/2833"}],"wp:featuredmedia":[{"embeddable":true,"href":"https:\/\/blogs.larioja.com\/entrevisillos\/wp-json\/wp\/v2\/media\/2834"}],"wp:attachment":[{"href":"https:\/\/blogs.larioja.com\/entrevisillos\/wp-json\/wp\/v2\/media?parent=2832"}],"wp:term":[{"taxonomy":"category","embeddable":true,"href":"https:\/\/blogs.larioja.com\/entrevisillos\/wp-json\/wp\/v2\/categories?post=2832"},{"taxonomy":"post_tag","embeddable":true,"href":"https:\/\/blogs.larioja.com\/entrevisillos\/wp-json\/wp\/v2\/tags?post=2832"}],"curies":[{"name":"wp","href":"https:\/\/api.w.org\/{rel}","templated":true}]}}