{"id":2836,"date":"2022-09-17T06:00:02","date_gmt":"2022-09-17T04:00:02","guid":{"rendered":"https:\/\/blogs.larioja.com\/entrevisillos\/?p=2836"},"modified":"2022-09-16T22:17:31","modified_gmt":"2022-09-16T20:17:31","slug":"adios-a-la-reina","status":"publish","type":"post","link":"https:\/\/blogs.larioja.com\/entrevisillos\/2022\/09\/17\/adios-a-la-reina\/","title":{"rendered":"Adi\u00f3s a la reina"},"content":{"rendered":"<p><strong>Cuando el f\u00e9retro de Isabel II y el impresionante cortejo recorr\u00edan los 1.800 metros que separan el palacio de Buckingham del de Westminster yo estaba comi\u00e9ndome un yogur delante del televisor mientras contemplaba, entre la fascinaci\u00f3n y el asombro, el espect\u00e1culo. Dicen que la propia Reina planific\u00f3 su funeral y no hay duda de que el boato es un compendio de la tradici\u00f3n secular brit\u00e1nica. Isabel II es, en s\u00ed misma, una importante p\u00e1gina de la historia del \u00faltimo siglo aunque resulta excesivo el seguimiento que de su fallecimiento se ha hecho en los medios espa\u00f1oles. Llevamos d\u00edas conociendo hasta los \u00faltimos detalles (la parte dulce, nunca la amarga) de su reinado y de la tradici\u00f3n mon\u00e1rquica brit\u00e1nica como si nos fuera la vida en ello. En nuestra querida Espa\u00f1a desconocemos, seguramente por pereza, la sinuosa obscuridad que alumbra los episodios de la nuestra.<\/strong><\/p>\n<p><strong>\u00a0Y es que la historia reciente de nuestros reyes desde Fernando VII, el Deseado que pronto se convirti\u00f3 en el Fel\u00f3n, es peculiar y demoledora para el coraz\u00f3n desenga\u00f1ado de los espa\u00f1oles. Su hija, la reina Isabel II de Espa\u00f1a, muri\u00f3 en Par\u00eds en 1904, a\u00f1os despu\u00e9s de haber sido derrocada. Con su hijo Alfonso XII se restaur\u00f3 la monarqu\u00eda y el joven rey muri\u00f3 de tuberculosis a los 27 a\u00f1os, en plena epidemia de c\u00f3lera en 1885. M\u00e1s querido que su madre falleci\u00f3 en Madrid y su funeral, hace 137 a\u00f1os, tuvo una solemnidad parecida a la que estamos viendo estos d\u00edas. Su hijo, Alfonso XIII, abandon\u00f3 Espa\u00f1a, en 1931, tras apoyar la dictadura de Primo de Rivera e intentar ocultar las corruptelas de la guerra del Rif que lo implicaban y desembocaron en el Desastre de Annual. Sali\u00f3 de Espa\u00f1a, seg\u00fan escribi\u00f3, al comprobar que no contaba con \u201cel amor de mi pueblo\u201d. Muri\u00f3 en Roma en 1941.<\/strong><\/p>\n<p><strong>De su nieto Juan Carlos I nadie sabe a ciencia cierta si volver\u00e1 a vivir y morir en Espa\u00f1a tras el autoexilio que \u00e9l se autoimpuso, no sabemos si por pudor o por verg\u00fcenza, al descubrirse todos sus negocios y el origen de su fortuna. Es dif\u00edcil admirar a quien tanto ha defraudado, pero tambi\u00e9n es triste que un estado soberano y democr\u00e1tico contemple consternado su historia reciente despu\u00e9s de haberla ensalzado como mod\u00e9lica, porque as\u00ed cre\u00edamos que hab\u00eda sido nuestra transici\u00f3n a la democracia y el papel del monarca.<\/strong><\/p>\n<p><strong>Hace tan solo unos a\u00f1os, cuando no sab\u00edamos todo lo que hoy sabemos sobre el anterior rey de Espa\u00f1a, hubi\u00e9ramos pensado para \u00e9l, llegado el d\u00eda, un funeral de estado quiz\u00e1 sin tanto oropel pero s\u00ed con la solemnidad debida. Hoy resulta dif\u00edcil pensar en una despedida como la que los ciudadanos del Reino Unido han tributado a Isabel II. Termino el yogur un poco deprimida. La guardia real de Isabel prosigue impasible su marcha mientras el pan, el mel\u00f3n y la sand\u00eda adornan los cielos porque su precio est\u00e1 por las nubes.<\/strong><\/p>\n","protected":false},"excerpt":{"rendered":"<p>Cuando el f\u00e9retro de Isabel II y el impresionante cortejo recorr\u00edan los 1.800 metros que separan el palacio de Buckingham del de Westminster yo estaba comi\u00e9ndome un yogur delante del televisor mientras contemplaba, entre la fascinaci\u00f3n y el asombro, el espect\u00e1culo. Dicen que la propia Reina planific\u00f3 su funeral y no hay duda de que [&hellip;]<\/p>\n","protected":false},"author":28,"featured_media":2837,"comment_status":"open","ping_status":"open","sticky":false,"template":"","format":"standard","meta":[],"categories":[1],"tags":[2396,2399,42,2398,2397,627,2400],"_links":{"self":[{"href":"https:\/\/blogs.larioja.com\/entrevisillos\/wp-json\/wp\/v2\/posts\/2836"}],"collection":[{"href":"https:\/\/blogs.larioja.com\/entrevisillos\/wp-json\/wp\/v2\/posts"}],"about":[{"href":"https:\/\/blogs.larioja.com\/entrevisillos\/wp-json\/wp\/v2\/types\/post"}],"author":[{"embeddable":true,"href":"https:\/\/blogs.larioja.com\/entrevisillos\/wp-json\/wp\/v2\/users\/28"}],"replies":[{"embeddable":true,"href":"https:\/\/blogs.larioja.com\/entrevisillos\/wp-json\/wp\/v2\/comments?post=2836"}],"version-history":[{"count":2,"href":"https:\/\/blogs.larioja.com\/entrevisillos\/wp-json\/wp\/v2\/posts\/2836\/revisions"}],"predecessor-version":[{"id":2839,"href":"https:\/\/blogs.larioja.com\/entrevisillos\/wp-json\/wp\/v2\/posts\/2836\/revisions\/2839"}],"wp:featuredmedia":[{"embeddable":true,"href":"https:\/\/blogs.larioja.com\/entrevisillos\/wp-json\/wp\/v2\/media\/2837"}],"wp:attachment":[{"href":"https:\/\/blogs.larioja.com\/entrevisillos\/wp-json\/wp\/v2\/media?parent=2836"}],"wp:term":[{"taxonomy":"category","embeddable":true,"href":"https:\/\/blogs.larioja.com\/entrevisillos\/wp-json\/wp\/v2\/categories?post=2836"},{"taxonomy":"post_tag","embeddable":true,"href":"https:\/\/blogs.larioja.com\/entrevisillos\/wp-json\/wp\/v2\/tags?post=2836"}],"curies":[{"name":"wp","href":"https:\/\/api.w.org\/{rel}","templated":true}]}}